{"id":80,"date":"2012-10-08T10:04:57","date_gmt":"2012-10-08T08:04:57","guid":{"rendered":"http:\/\/cpcorella.educacion.navarra.es\/blogs\/?p=80"},"modified":"2012-10-08T10:08:47","modified_gmt":"2012-10-08T08:08:47","slug":"nuevo-curso","status":"publish","type":"post","link":"https:\/\/cpcorella.educacion.navarra.es\/blogs\/blog\/2012\/10\/08\/nuevo-curso\/","title":{"rendered":"NUEVO CURSO"},"content":{"rendered":"<p style=\"text-align: justify;\">Estimados alumnos y alumnas:<\/p>\n<p style=\"text-align: justify;\">Iniciamos un nuevo curso, lo que supone un avance en tu formaci\u00f3n y preparaci\u00f3n. Por ello, necesitar\u00e1s dedicaci\u00f3n y esfuerzo personal para alcanzar las metas que te propongas. En esta labor contar\u00e1s con la ayuda de tus profesores. Nuestra funci\u00f3n es intentar formarte, pero tambi\u00e9n ayudarte para que llegues a conseguir esas metas.<\/p>\n<p style=\"text-align: justify;\"><img loading=\"lazy\" src=\"http:\/\/imagenes.sebuscaimagenes.com\/img\/graficos\/imagenes\/e\/el_estudiante-11085.gif\" alt=\"\" width=\"264\" height=\"264\" border=\"0\" \/><\/p>\n<p style=\"text-align: justify;\">A vuestras familias decirles que nos tienen a su disposici\u00f3n. Entre todos vamos a lograr que este curso que vamos a pasar juntos sea inolvidable y plenamente satisfactorio.<\/p>\n<p style=\"text-align: justify;\">A los alumn@s de 6\u00ba, deciros que este a\u00f1o sois los mayores del centro, lo cual implica que sois un modelo a imitar por los m\u00e1s peque\u00f1os. Esto ha de llenaros de orgullo, pero tambi\u00e9n lo hab\u00e9is de tener presente en vuestra actitud y comportamiento. Estoy seguro que vais a ser un@s muy buen@s alumn@s.<\/p>\n<p style=\"text-align: justify;\">Para finalizar deciros que hay que ponerse las pilas YA, comenzamos.<\/p>\n<p style=\"text-align: justify;\"><img loading=\"lazy\" class=\"alignleft\" src=\"http:\/\/www.gif-animados.net\/gifs\/estudiantes-1.gif\" alt=\"\" width=\"158\" height=\"93\" border=\"0\" \/><\/p>\n","protected":false},"excerpt":{"rendered":"<p>Estimados alumnos y alumnas: Iniciamos un nuevo curso, lo que supone un avance en tu formaci\u00f3n y preparaci\u00f3n. Por ello, necesitar\u00e1s dedicaci\u00f3n y esfuerzo personal para alcanzar las metas que te propongas. En esta labor contar\u00e1s con la ayuda de tus profesores. Nuestra funci\u00f3n es intentar formarte, pero tambi\u00e9n ayudarte para que llegues a conseguir &hellip; <\/p>\n<p><a class=\"more-link btn\" href=\"https:\/\/cpcorella.educacion.navarra.es\/blogs\/blog\/2012\/10\/08\/nuevo-curso\/\">Continue reading<\/a><\/p>\n","protected":false},"author":1,"featured_media":0,"comment_status":"closed","ping_status":"closed","sticky":false,"template":"","format":"standard","meta":[],"categories":[1,5,6],"tags":[],"_links":{"self":[{"href":"https:\/\/cpcorella.educacion.navarra.es\/blogs\/wp-json\/wp\/v2\/posts\/80"}],"collection":[{"href":"https:\/\/cpcorella.educacion.navarra.es\/blogs\/wp-json\/wp\/v2\/posts"}],"about":[{"href":"https:\/\/cpcorella.educacion.navarra.es\/blogs\/wp-json\/wp\/v2\/types\/post"}],"author":[{"embeddable":true,"href":"https:\/\/cpcorella.educacion.navarra.es\/blogs\/wp-json\/wp\/v2\/users\/1"}],"replies":[{"embeddable":true,"href":"https:\/\/cpcorella.educacion.navarra.es\/blogs\/wp-json\/wp\/v2\/comments?post=80"}],"version-history":[{"count":3,"href":"https:\/\/cpcorella.educacion.navarra.es\/blogs\/wp-json\/wp\/v2\/posts\/80\/revisions"}],"predecessor-version":[{"id":84,"href":"https:\/\/cpcorella.educacion.navarra.es\/blogs\/wp-json\/wp\/v2\/posts\/80\/revisions\/84"}],"wp:attachment":[{"href":"https:\/\/cpcorella.educacion.navarra.es\/blogs\/wp-json\/wp\/v2\/media?parent=80"}],"wp:term":[{"taxonomy":"category","embeddable":true,"href":"https:\/\/cpcorella.educacion.navarra.es\/blogs\/wp-json\/wp\/v2\/categories?post=80"},{"taxonomy":"post_tag","embeddable":true,"href":"https:\/\/cpcorella.educacion.navarra.es\/blogs\/wp-json\/wp\/v2\/tags?post=80"}],"curies":[{"name":"wp","href":"https:\/\/api.w.org\/{rel}","templated":true}]}}