{"id":6318,"date":"2026-04-30T22:14:21","date_gmt":"2026-04-30T20:14:21","guid":{"rendered":"https:\/\/cpcorella.educacion.navarra.es\/blogs\/?p=6318"},"modified":"2026-04-30T22:14:21","modified_gmt":"2026-04-30T20:14:21","slug":"adios-mila","status":"publish","type":"post","link":"https:\/\/cpcorella.educacion.navarra.es\/blogs\/blog\/2026\/04\/30\/adios-mila\/","title":{"rendered":"ADIOS MILA"},"content":{"rendered":"\n<p data-start=\"0\" data-end=\"98\">Hoy es un d\u00eda profundamente triste para toda la comunidad educativa del Colegio Ciudad de Corella.<\/p>\n<p data-start=\"100\" data-end=\"398\">Con enorme pesar despedimos a nuestra querida compa\u00f1era y maestra MILA, tutora de 4\u00ba, quien nos ha dejado de manera inesperada. Su p\u00e9rdida deja un vac\u00edo dif\u00edcil de expresar con palabras, no solo en el claustro, sino tambi\u00e9n en cada aula, en cada alumno y en cada familia que tuvo la suerte de conocerla.<\/p>\n<p data-start=\"400\" data-end=\"720\">Fue mucho m\u00e1s que una docente. Su vocaci\u00f3n, su cercan\u00eda y su dedicaci\u00f3n hicieron de ella una figura imprescindible en nuestro colegio. Supo acompa\u00f1ar, ense\u00f1ar y cuidar a sus alumnos con paciencia, cari\u00f1o y una entrega admirable. Deja en todos nosotros el recuerdo de su sonrisa, su compromiso y su amor por la ense\u00f1anza.<\/p>\n<p data-start=\"722\" data-end=\"902\">En estos momentos de dolor, queremos trasladar nuestro m\u00e1s sincero p\u00e9same a su familia, amigos y seres queridos. Compartimos su tristeza y les enviamos todo nuestro apoyo y afecto.<\/p>\n<p data-start=\"904\" data-end=\"1032\">Su huella permanecer\u00e1 siempre en nuestro colegio, en sus alumnos y en todos los que tuvimos el privilegio de trabajar a su lado.<\/p>\n<p data-start=\"1034\" data-end=\"1050\" data-is-last-node=\"\" data-is-only-node=\"\">Descanse en paz.<img loading=\"lazy\" class=\"alignnone size-full wp-image-6319\" src=\"https:\/\/cpcorella.educacion.navarra.es\/blogs\/wp-content\/uploads\/2026\/04\/ChatGPT-Image-30-abr-2026-22_13_43.png\" alt=\"\" width=\"1254\" height=\"1254\" srcset=\"https:\/\/cpcorella.educacion.navarra.es\/blogs\/wp-content\/uploads\/2026\/04\/ChatGPT-Image-30-abr-2026-22_13_43.png 1254w, https:\/\/cpcorella.educacion.navarra.es\/blogs\/wp-content\/uploads\/2026\/04\/ChatGPT-Image-30-abr-2026-22_13_43-300x300.png 300w, https:\/\/cpcorella.educacion.navarra.es\/blogs\/wp-content\/uploads\/2026\/04\/ChatGPT-Image-30-abr-2026-22_13_43-1024x1024.png 1024w, https:\/\/cpcorella.educacion.navarra.es\/blogs\/wp-content\/uploads\/2026\/04\/ChatGPT-Image-30-abr-2026-22_13_43-150x150.png 150w, https:\/\/cpcorella.educacion.navarra.es\/blogs\/wp-content\/uploads\/2026\/04\/ChatGPT-Image-30-abr-2026-22_13_43-768x768.png 768w, https:\/\/cpcorella.educacion.navarra.es\/blogs\/wp-content\/uploads\/2026\/04\/ChatGPT-Image-30-abr-2026-22_13_43-555x555.png 555w\" sizes=\"(max-width: 1254px) 100vw, 1254px\" \/><\/p>\n","protected":false},"excerpt":{"rendered":"<p>Hoy es un d\u00eda profundamente triste para toda la comunidad educativa del Colegio Ciudad de Corella. Con enorme pesar despedimos a nuestra querida compa\u00f1era y maestra MILA, tutora de 4\u00ba, quien nos ha dejado de manera inesperada. Su p\u00e9rdida deja un vac\u00edo dif\u00edcil de expresar con palabras, no solo en el claustro, sino tambi\u00e9n en &hellip; <\/p>\n<p><a class=\"more-link btn\" href=\"https:\/\/cpcorella.educacion.navarra.es\/blogs\/blog\/2026\/04\/30\/adios-mila\/\">Continue reading<\/a><\/p>\n","protected":false},"author":6,"featured_media":0,"comment_status":"closed","ping_status":"closed","sticky":false,"template":"","format":"standard","meta":[],"categories":[1],"tags":[],"_links":{"self":[{"href":"https:\/\/cpcorella.educacion.navarra.es\/blogs\/wp-json\/wp\/v2\/posts\/6318"}],"collection":[{"href":"https:\/\/cpcorella.educacion.navarra.es\/blogs\/wp-json\/wp\/v2\/posts"}],"about":[{"href":"https:\/\/cpcorella.educacion.navarra.es\/blogs\/wp-json\/wp\/v2\/types\/post"}],"author":[{"embeddable":true,"href":"https:\/\/cpcorella.educacion.navarra.es\/blogs\/wp-json\/wp\/v2\/users\/6"}],"replies":[{"embeddable":true,"href":"https:\/\/cpcorella.educacion.navarra.es\/blogs\/wp-json\/wp\/v2\/comments?post=6318"}],"version-history":[{"count":1,"href":"https:\/\/cpcorella.educacion.navarra.es\/blogs\/wp-json\/wp\/v2\/posts\/6318\/revisions"}],"predecessor-version":[{"id":6320,"href":"https:\/\/cpcorella.educacion.navarra.es\/blogs\/wp-json\/wp\/v2\/posts\/6318\/revisions\/6320"}],"wp:attachment":[{"href":"https:\/\/cpcorella.educacion.navarra.es\/blogs\/wp-json\/wp\/v2\/media?parent=6318"}],"wp:term":[{"taxonomy":"category","embeddable":true,"href":"https:\/\/cpcorella.educacion.navarra.es\/blogs\/wp-json\/wp\/v2\/categories?post=6318"},{"taxonomy":"post_tag","embeddable":true,"href":"https:\/\/cpcorella.educacion.navarra.es\/blogs\/wp-json\/wp\/v2\/tags?post=6318"}],"curies":[{"name":"wp","href":"https:\/\/api.w.org\/{rel}","templated":true}]}}