{"id":6293,"date":"2026-03-06T14:02:35","date_gmt":"2026-03-06T13:02:35","guid":{"rendered":"https:\/\/cpcorella.educacion.navarra.es\/blogs\/?p=6293"},"modified":"2026-03-06T14:12:56","modified_gmt":"2026-03-06T13:12:56","slug":"el-cp-ciudad-de-corella-contra-el-acoso-escolar","status":"publish","type":"post","link":"https:\/\/cpcorella.educacion.navarra.es\/blogs\/blog\/2026\/03\/06\/el-cp-ciudad-de-corella-contra-el-acoso-escolar\/","title":{"rendered":"EL CP CIUDAD DE CORELLA CONTRA EL ACOSO ESCOLAR"},"content":{"rendered":"\n<p class=\"isselectedend\">El pr\u00f3ximo lunes 9 de marzo, nos reuniremos como comunidad educativa del Colegio Ciudad de Corella para alzar la voz de manera clara y firme contra el acoso escolar.<\/p>\n<p class=\"isselectedend\">El acoso no es una broma, no es un juego, y no puede tener cabida en un lugar que debe ser seguro para todos. Cada palabra que hiere, cada gesto que excluye y cada silencio que permite que alguien sufra nos aleja de los valores que queremos ense\u00f1ar y vivir: el respeto, la empat\u00eda y la convivencia.<\/p>\n<p class=\"isselectedend\">Nuestro colegio es, y debe seguir siendo, un espacio donde cada alumno y alumna pueda crecer con tranquilidad, sentirse acompa\u00f1ado y saber que nunca est\u00e1 solo. La educaci\u00f3n no solo consiste en aprender materias, sino tambi\u00e9n en aprender a convivir, a cuidar de los dem\u00e1s y a defender la dignidad de todas las personas.<\/p>\n<p class=\"isselectedend\">Por eso manifestamos p\u00fablicamente nuestro rechazo absoluto al acoso escolar y nuestro compromiso firme de actuar ante cualquier situaci\u00f3n que vulnere el bienestar de nuestros estudiantes.<\/p>\n<p class=\"isselectedend\">El pr\u00f3ximo lunes, 9 de marzo, a las 12:40 horas, realizaremos un minuto de silencio como gesto de reflexi\u00f3n, respeto y apoyo a todas las personas que han sufrido o sufren acoso escolar. Ser\u00e1 un momento para recordar que detr\u00e1s de cada caso hay una persona que merece ser escuchada, protegida y acompa\u00f1ada.<\/p>\n<p class=\"isselectedend\">Desde el Colegio Ciudad de Corella invitamos a las autoridades locales, en representaci\u00f3n de la localidad, a acompa\u00f1arnos en este acto. La lucha contra el acoso escolar es una responsabilidad compartida que requiere la implicaci\u00f3n de toda la sociedad.<\/p>\n<p class=\"isselectedend\">Solo juntos podremos construir una escuela donde nadie tenga miedo, donde todas las voces cuenten y donde el respeto sea siempre el camino.<\/p>\n<p>Muchas gracias.<img loading=\"lazy\" class=\"alignnone size-full wp-image-6295\" src=\"https:\/\/cpcorella.educacion.navarra.es\/blogs\/wp-content\/uploads\/2026\/03\/ChatGPT-Image-6-mar-2026-14_11_20-1.png\" alt=\"\" width=\"1024\" height=\"1536\" srcset=\"https:\/\/cpcorella.educacion.navarra.es\/blogs\/wp-content\/uploads\/2026\/03\/ChatGPT-Image-6-mar-2026-14_11_20-1.png 1024w, https:\/\/cpcorella.educacion.navarra.es\/blogs\/wp-content\/uploads\/2026\/03\/ChatGPT-Image-6-mar-2026-14_11_20-1-200x300.png 200w, https:\/\/cpcorella.educacion.navarra.es\/blogs\/wp-content\/uploads\/2026\/03\/ChatGPT-Image-6-mar-2026-14_11_20-1-683x1024.png 683w, https:\/\/cpcorella.educacion.navarra.es\/blogs\/wp-content\/uploads\/2026\/03\/ChatGPT-Image-6-mar-2026-14_11_20-1-768x1152.png 768w, https:\/\/cpcorella.educacion.navarra.es\/blogs\/wp-content\/uploads\/2026\/03\/ChatGPT-Image-6-mar-2026-14_11_20-1-555x833.png 555w\" sizes=\"(max-width: 1024px) 100vw, 1024px\" \/><\/p>\n","protected":false},"excerpt":{"rendered":"<p>El pr\u00f3ximo lunes 9 de marzo, nos reuniremos como comunidad educativa del Colegio Ciudad de Corella para alzar la voz de manera clara y firme contra el acoso escolar. El acoso no es una broma, no es un juego, y no puede tener cabida en un lugar que debe ser seguro para todos. Cada palabra &hellip; <\/p>\n<p><a class=\"more-link btn\" href=\"https:\/\/cpcorella.educacion.navarra.es\/blogs\/blog\/2026\/03\/06\/el-cp-ciudad-de-corella-contra-el-acoso-escolar\/\">Continue reading<\/a><\/p>\n","protected":false},"author":6,"featured_media":0,"comment_status":"closed","ping_status":"closed","sticky":false,"template":"","format":"standard","meta":[],"categories":[1],"tags":[],"_links":{"self":[{"href":"https:\/\/cpcorella.educacion.navarra.es\/blogs\/wp-json\/wp\/v2\/posts\/6293"}],"collection":[{"href":"https:\/\/cpcorella.educacion.navarra.es\/blogs\/wp-json\/wp\/v2\/posts"}],"about":[{"href":"https:\/\/cpcorella.educacion.navarra.es\/blogs\/wp-json\/wp\/v2\/types\/post"}],"author":[{"embeddable":true,"href":"https:\/\/cpcorella.educacion.navarra.es\/blogs\/wp-json\/wp\/v2\/users\/6"}],"replies":[{"embeddable":true,"href":"https:\/\/cpcorella.educacion.navarra.es\/blogs\/wp-json\/wp\/v2\/comments?post=6293"}],"version-history":[{"count":2,"href":"https:\/\/cpcorella.educacion.navarra.es\/blogs\/wp-json\/wp\/v2\/posts\/6293\/revisions"}],"predecessor-version":[{"id":6297,"href":"https:\/\/cpcorella.educacion.navarra.es\/blogs\/wp-json\/wp\/v2\/posts\/6293\/revisions\/6297"}],"wp:attachment":[{"href":"https:\/\/cpcorella.educacion.navarra.es\/blogs\/wp-json\/wp\/v2\/media?parent=6293"}],"wp:term":[{"taxonomy":"category","embeddable":true,"href":"https:\/\/cpcorella.educacion.navarra.es\/blogs\/wp-json\/wp\/v2\/categories?post=6293"},{"taxonomy":"post_tag","embeddable":true,"href":"https:\/\/cpcorella.educacion.navarra.es\/blogs\/wp-json\/wp\/v2\/tags?post=6293"}],"curies":[{"name":"wp","href":"https:\/\/api.w.org\/{rel}","templated":true}]}}