{"id":6248,"date":"2026-03-03T09:55:47","date_gmt":"2026-03-03T08:55:47","guid":{"rendered":"https:\/\/cpcorella.educacion.navarra.es\/blogs\/?p=6248"},"modified":"2026-03-03T10:16:30","modified_gmt":"2026-03-03T09:16:30","slug":"preinscripciones-proximo-curso-2026-27","status":"publish","type":"post","link":"https:\/\/cpcorella.educacion.navarra.es\/blogs\/blog\/2026\/03\/03\/preinscripciones-proximo-curso-2026-27\/","title":{"rendered":"PREINSCRIPCIONES PR\u00d3XIMO CURSO 2026\/27"},"content":{"rendered":"\n<p>Estimadas familias.<\/p>\n<p>Las preinscripciones para el nuevo alumnado del curso 2026\/27 ser\u00e1n del <strong>9 al 13 de marzo.<\/strong><\/p>\n<p>Desde el centro, para facilitaros el proceso, admitiremos la documentaci\u00f3n desde el mi\u00e9rcoles 4 de marzo.<\/p>\n<p>Os esperamos en <strong>horario de 8:15 a 13:30 h.<\/strong><\/p>\n<p>No os esper\u00e9is al final.<\/p>\n<p><strong>EL ALUMNADO QUE YA EST\u00c1 ACTUALMENTE EN EL CENTRO NO HA DE HACER NADA.<\/strong><\/p>\n<p>Si conoc\u00e9is familias con ni\u00f1os o ni\u00f1as nacidos en el a\u00f1o 2023 comunicarles la informaci\u00f3n. Gracias.<\/p>\n\n\n\n<p>Os recordamos lo importante que es el realizar este proceso. Para cualquier aclaraci\u00f3n no dud\u00e9is en poneros en contacto con el colegio. <\/p>\n<p class=\"has-vivid-red-color has-cyan-bluish-gray-background-color has-text-color has-background\">El plazo de solicitudes es&nbsp;<strong>desde el d\u00eda 9 al d\u00eda 13 de marzo de 2026.<\/strong>&nbsp; De 08:15 a 13:30<\/p>\n<p class=\"color: red; has-very-dark-gray-color has-cyan-bluish-gray-background-color has-text-color has-background\"><strong>Deben matricularse<\/strong>:<\/p>\n<ul>\n<li>Ni\u00f1os\/as que cumplan 3 a\u00f1os en 2026 (nacidos en 2023).<\/li>\n<li>Ni\u00f1os\/as en todos los niveles de Educaci\u00f3n Infantil y Educaci\u00f3n Primaria (de 3 a 11 a\u00f1os) de otros colegios de Navarra u otra Comunidad que vayan a venir a vivir a Corella para el pr\u00f3ximo curso.<\/li>\n<\/ul>\n<p class=\"color: red; has-very-dark-grenn-color has-cyan-bluish-gray-background-color has-text-color has-background\"><strong>\u00bfC\u00d3MO SE REALIZA?<\/strong>:<\/p>\n<p><\/p>\n<p class=\"has-vivid-red-color has-green-bluish-gray-background-color has-text-color has-background\"> &nbsp;<strong>ONLINE<\/strong><\/p>\n<li>Accede a : <\/em><a href=\"https:\/\/sso.educacion.navarra.es\/auth\/realms\/educacion.navarra.es\/protocol\/openid-connect\/auth?client_id=educa-portal-frontend&#038;redirect_uri=https%3A%2F%2Feducages.navarra.es%2FEduca%2Fportal%2Fes%2F&#038;state=eeabe566-755f-4e5f-a172-304bea236a4a&#038;response_mode=fragment&#038;response_type=code&#038;scope=openid&#038;nonce=d0e3f69c-4256-47e8-86d3-e360ad84e85c&#038;code_challenge=lVeZhjydkH4ZZIvFqrDi4pof4KGpKCxukExTUt0FfB4&#038;code_challenge_method=S256\"><em>EDUCA PORTAL<\/em><\/a><em> con tu usuario y contrase\u00f1a EDUCA o cl@ve.<\/em><\/li>\n<li>Adjunta documentaci\u00f3n obligatoria y opcional.<\/li>\n<li>Haz clic en \u00abPresentar solicitud\u00bb.<\/li>\n<p class=\"has-vivid-red-color has-green-bluish-gray-background-color has-text-color has-background\"> &nbsp;<strong>PRESENCIAL<\/strong><\/p>\n<li>En el COLEGIO<\/li>\n<li>Adjunta documentaci\u00f3n obligatoria y opcional que figura a continuaci\u00f3n.<\/li>\n<p>&nbsp;<\/p>\n<p class=\"color: red; has-very-dark-gray-color has-cyan-bluish-gray-background-color has-text-color has-background\"><strong>DOCUMENTACI\u00d3N A ENTREGAR EN EL CENTRO:<\/strong><\/p>\n<ul>\n<li>Instancia oficial y Documentaci\u00f3n complementaria <em>(Se puede descargar de nuestra p\u00e1gina web: <\/em><a href=\"https:\/\/doc-0g-7s-apps-viewer.googleusercontent.com\/viewer\/secure\/pdf\/0of1tekjehs3muaj8qcih3saqf35ehsr\/o62c8ihuo308hq5qusq8s93df2v5c2sp\/1772522325000\/gmail\/01478638643719680477\/ACFrOgAI_MFArBuKlSm1Q7IMGkPDlQ4CJVdlHiIArGmluqugEFqsIE2GP4Jyy_QhWlbUSyNir2K9ffigdTyqGWD8Ed0OlSf4CyKKj22L3uS0VjcxKHVgOljgXnir22md9TGqmVvVW3zBlU8px2-tTvwinX5cF3cmw-DzLGfnBw==?print=true&amp;nonce=qddhuj1mnju88&amp;user=01478638643719680477&amp;hash=lhqem7uaeopoacohh8h9jeg6jv5sfvs4\"><em>http:\/\/cpcorella.educacion.navarra.es\/blogs<\/em><\/a><em> o recogerla en la entrada del colegio de&nbsp; Primaria)<\/em><\/li>\n\n<li><em style=\"font-size: revert;\">&nbsp;<\/em><span style=\"font-size: revert;\">Fotocopia del Libro de Familia.<\/span><\/li>\n<li>Fotocopia del D.N.I.\/N.I.E\/Pasaporte de la madre y del padre.<\/li>\n<\/ul>\n<ul>\n<li>Fotocopia de la Tarjeta Sanitaria.<\/li>\n<li>Informes de los estudios m\u00e9dicos de alumnos\/as con minusval\u00edas <em>(informes audiom\u00e9tricos, otorrinolaringol\u00f3gicos, oftalmol\u00f3gicos, alergias, etc&#8230;).<\/em><\/li>\n<\/ul>\n<p class=\"color: red; has-very-dark-gray-color has-cyan-bluish-gray-background-color has-text-color has-background\"><strong>DESCARGA DOCUMENTOS<\/strong><\/p>\n<ul>\n<li><a href=\"https:\/\/doc-0g-7s-apps-viewer.googleusercontent.com\/viewer\/secure\/pdf\/0of1tekjehs3muaj8qcih3saqf35ehsr\/o62c8ihuo308hq5qusq8s93df2v5c2sp\/1772522325000\/gmail\/01478638643719680477\/ACFrOgAI_MFArBuKlSm1Q7IMGkPDlQ4CJVdlHiIArGmluqugEFqsIE2GP4Jyy_QhWlbUSyNir2K9ffigdTyqGWD8Ed0OlSf4CyKKj22L3uS0VjcxKHVgOljgXnir22md9TGqmVvVW3zBlU8px2-tTvwinX5cF3cmw-DzLGfnBw==?print=true&amp;nonce=qddhuj1mnju88&amp;user=01478638643719680477&amp;hash=lhqem7uaeopoacohh8h9jeg6jv5sfvs4\">INSTANCIA OFICIAL<\/a><\/li>\n<li><a href=\"https:\/\/drive.google.com\/file\/d\/1hNiHK8bdK3Mp6cRv9577fBSF5c3KJSSo\/view?usp=sharing\">DOCUMENTACI\u00d3N<\/a><\/li>\n<li><a href=\"https:\/\/drive.google.com\/file\/d\/1m0Zq8LY5FR2r2fac7yZNmInfUGLhXVRN\/view?usp=sharing\">AUTORIZACIONES<\/a><\/li>\n<p>&nbsp;<\/p><\/ul>\n\n","protected":false},"excerpt":{"rendered":"<p>Estimadas familias. Las preinscripciones para el nuevo alumnado del curso 2026\/27 ser\u00e1n del 9 al 13 de marzo. Desde el centro, para facilitaros el proceso, admitiremos la documentaci\u00f3n desde el mi\u00e9rcoles 4 de marzo. Os esperamos en horario de 8:15 a 13:30 h. No os esper\u00e9is al final. EL ALUMNADO QUE YA EST\u00c1 ACTUALMENTE EN &hellip; <\/p>\n<p><a class=\"more-link btn\" href=\"https:\/\/cpcorella.educacion.navarra.es\/blogs\/blog\/2026\/03\/03\/preinscripciones-proximo-curso-2026-27\/\">Continue reading<\/a><\/p>\n","protected":false},"author":6,"featured_media":0,"comment_status":"closed","ping_status":"closed","sticky":false,"template":"","format":"standard","meta":[],"categories":[1],"tags":[],"_links":{"self":[{"href":"https:\/\/cpcorella.educacion.navarra.es\/blogs\/wp-json\/wp\/v2\/posts\/6248"}],"collection":[{"href":"https:\/\/cpcorella.educacion.navarra.es\/blogs\/wp-json\/wp\/v2\/posts"}],"about":[{"href":"https:\/\/cpcorella.educacion.navarra.es\/blogs\/wp-json\/wp\/v2\/types\/post"}],"author":[{"embeddable":true,"href":"https:\/\/cpcorella.educacion.navarra.es\/blogs\/wp-json\/wp\/v2\/users\/6"}],"replies":[{"embeddable":true,"href":"https:\/\/cpcorella.educacion.navarra.es\/blogs\/wp-json\/wp\/v2\/comments?post=6248"}],"version-history":[{"count":24,"href":"https:\/\/cpcorella.educacion.navarra.es\/blogs\/wp-json\/wp\/v2\/posts\/6248\/revisions"}],"predecessor-version":[{"id":6278,"href":"https:\/\/cpcorella.educacion.navarra.es\/blogs\/wp-json\/wp\/v2\/posts\/6248\/revisions\/6278"}],"wp:attachment":[{"href":"https:\/\/cpcorella.educacion.navarra.es\/blogs\/wp-json\/wp\/v2\/media?parent=6248"}],"wp:term":[{"taxonomy":"category","embeddable":true,"href":"https:\/\/cpcorella.educacion.navarra.es\/blogs\/wp-json\/wp\/v2\/categories?post=6248"},{"taxonomy":"post_tag","embeddable":true,"href":"https:\/\/cpcorella.educacion.navarra.es\/blogs\/wp-json\/wp\/v2\/tags?post=6248"}],"curies":[{"name":"wp","href":"https:\/\/api.w.org\/{rel}","templated":true}]}}