{"id":6238,"date":"2026-01-22T12:57:25","date_gmt":"2026-01-22T11:57:25","guid":{"rendered":"https:\/\/cpcorella.educacion.navarra.es\/blogs\/?p=6238"},"modified":"2026-01-22T12:57:26","modified_gmt":"2026-01-22T11:57:26","slug":"mercado-solidario-navidad","status":"publish","type":"post","link":"https:\/\/cpcorella.educacion.navarra.es\/blogs\/blog\/2026\/01\/22\/mercado-solidario-navidad\/","title":{"rendered":"MERCADO SOLIDARIO NAVIDAD"},"content":{"rendered":"\n<p class=\"isSelectedEnd\">Estimadas familias:<\/p>\n<p class=\"isSelectedEnd\">Nos complace informarles de que, gracias a la participaci\u00f3n y colaboraci\u00f3n de toda la comunidad educativa, el <strong>Mercado de Navidad del colegio<\/strong> ha permitido recaudar un total de <strong>2.390,29 \u20ac<\/strong>, que ser\u00e1n destinados \u00edntegramente a la asociaci\u00f3n <strong>ADANO<\/strong>.<\/p>\n<p class=\"isSelectedEnd\">Desde el centro queremos expresar nuestro m\u00e1s sincero <strong>agradecimiento a todas las familias<\/strong>, alumnado, profesorado y personas colaboradoras que, con su implicaci\u00f3n y solidaridad, han hecho posible esta iniciativa solidaria.<\/p>\n<p class=\"isSelectedEnd\">Este tipo de acciones reflejan los valores de compromiso, cooperaci\u00f3n y apoyo mutuo que forman parte de nuestro proyecto educativo.<\/p>\n<p>Gracias por su generosidad y por contribuir, una vez m\u00e1s, a ayudar a quienes m\u00e1s lo necesitan.<\/p>\n<p>Adjuntamos escrito de ADANO\u00a0 de agradecimiento.<\/p>\n<a href=\"https:\/\/cpcorella.educacion.navarra.es\/blogs\/wp-content\/uploads\/2026\/01\/COLEGIO-CORELLA.pdf\" class=\"pdfemb-viewer\" style=\"\" data-width=\"max\" data-height=\"max\" data-toolbar=\"bottom\" data-toolbar-fixed=\"off\">COLEGIO CORELLA<\/a>\n","protected":false},"excerpt":{"rendered":"<p>Estimadas familias: Nos complace informarles de que, gracias a la participaci\u00f3n y colaboraci\u00f3n de toda la comunidad educativa, el Mercado de Navidad del colegio ha permitido recaudar un total de 2.390,29 \u20ac, que ser\u00e1n destinados \u00edntegramente a la asociaci\u00f3n ADANO. Desde el centro queremos expresar nuestro m\u00e1s sincero agradecimiento a todas las familias, alumnado, profesorado &hellip; <\/p>\n<p><a class=\"more-link btn\" href=\"https:\/\/cpcorella.educacion.navarra.es\/blogs\/blog\/2026\/01\/22\/mercado-solidario-navidad\/\">Continue reading<\/a><\/p>\n","protected":false},"author":6,"featured_media":0,"comment_status":"closed","ping_status":"closed","sticky":false,"template":"","format":"standard","meta":[],"categories":[1],"tags":[],"_links":{"self":[{"href":"https:\/\/cpcorella.educacion.navarra.es\/blogs\/wp-json\/wp\/v2\/posts\/6238"}],"collection":[{"href":"https:\/\/cpcorella.educacion.navarra.es\/blogs\/wp-json\/wp\/v2\/posts"}],"about":[{"href":"https:\/\/cpcorella.educacion.navarra.es\/blogs\/wp-json\/wp\/v2\/types\/post"}],"author":[{"embeddable":true,"href":"https:\/\/cpcorella.educacion.navarra.es\/blogs\/wp-json\/wp\/v2\/users\/6"}],"replies":[{"embeddable":true,"href":"https:\/\/cpcorella.educacion.navarra.es\/blogs\/wp-json\/wp\/v2\/comments?post=6238"}],"version-history":[{"count":1,"href":"https:\/\/cpcorella.educacion.navarra.es\/blogs\/wp-json\/wp\/v2\/posts\/6238\/revisions"}],"predecessor-version":[{"id":6240,"href":"https:\/\/cpcorella.educacion.navarra.es\/blogs\/wp-json\/wp\/v2\/posts\/6238\/revisions\/6240"}],"wp:attachment":[{"href":"https:\/\/cpcorella.educacion.navarra.es\/blogs\/wp-json\/wp\/v2\/media?parent=6238"}],"wp:term":[{"taxonomy":"category","embeddable":true,"href":"https:\/\/cpcorella.educacion.navarra.es\/blogs\/wp-json\/wp\/v2\/categories?post=6238"},{"taxonomy":"post_tag","embeddable":true,"href":"https:\/\/cpcorella.educacion.navarra.es\/blogs\/wp-json\/wp\/v2\/tags?post=6238"}],"curies":[{"name":"wp","href":"https:\/\/api.w.org\/{rel}","templated":true}]}}