{"id":6113,"date":"2025-03-24T12:10:32","date_gmt":"2025-03-24T11:10:32","guid":{"rendered":"https:\/\/cpcorella.educacion.navarra.es\/blogs\/?p=6113"},"modified":"2025-03-24T12:12:17","modified_gmt":"2025-03-24T11:12:17","slug":"aula-ikasnova","status":"publish","type":"post","link":"https:\/\/cpcorella.educacion.navarra.es\/blogs\/blog\/2025\/03\/24\/aula-ikasnova\/","title":{"rendered":"AULA IKASNOVA"},"content":{"rendered":"\n<p>Nuestro colegio de Infantil y Primaria CIUDAD DE CORELLA dispone ya de un aula ikasNOVA, que recientemente ha sido visitada por el consejero de Educaci\u00f3n, Carlos Gimeno. Acto en la que ha estado acompa\u00f1ado por el director del colegio, el alcalde de Corella y concejales del ayuntamiento. \u00a0<\/p>\n\n\n\n<p>El C.P. Ciudad de Corella nos  convertimos as\u00ed en uno de los colegios navarros que dispone ya de un aula ikasNOVA, un espacio de aprendizaje flexible caracterizado por la integraci\u00f3n de avanzada tecnolog\u00eda digital que fomenta el aprendizaje activo por parte de todo el alumnado.\u00a0<\/p>\n\n\n\n<p>En concreto, el aula ikasNOVA del colegio de Corella es un espacio de 140 m2\u00a0dotado con dispositivos port\u00e1tiles digitales a disposici\u00f3n del alumnado del centro, adem\u00e1s de monitores digitales interactivos, sistema de videoconferencia, visualizador de documentos y materiales complementarios, as\u00ed como mobiliario espec\u00edfico adaptado a esta nueva infraestructura educativa (sillas, puff, mesas, carros, gradas modulares m\u00f3viles, etc)<\/p>\n\n\n\n<p>El aula  est\u00e1 ya en funcionamiento en el centro, que cuenta este curso con m\u00e1s de 900 alumnos y alumnas de Infantil y Primaria.<\/p>\n\n\n\n<p><strong>\u00bfQu\u00e9 es el Aula IkasNOVA Gela?<\/strong><\/p>\n\n\n\n<p>El Aula ikasNOVA  es la consecuencia del proceso de transformaci\u00f3n educativa que se est\u00e1 llevando a cabo en los centros educativos. A trav\u00e9s del cambio en el uso de los espacios, la integraci\u00f3n de la tecnolog\u00eda y el fomento del aprendizaje activo se busca el desarrollo de las competencias del siglo XXI, prestando especial atenci\u00f3n a la competencia digital de todo el alumnado.<\/p>\n\n\n\n<figure class=\"wp-block-image\"><img src=\"https:\/\/www.lavozdelaribera.es\/wp-content\/uploads\/colegio-de-corella-1-700x368.webp\" alt=\"\"\/><\/figure>\n\n\n\n<p>Este nuevo entorno de aprendizaje inspirado en el Future Classroom Lab (FCL) de European Schoolnet permite a alumnado y profesorado crear, investigar, presentar e interactuar, en un espacio con mobiliario flexible y con la tecnolog\u00eda integrada.&nbsp;<\/p>\n\n\n\n<p><strong>Objetivos<\/strong><\/p>\n\n\n\n<p>Entre los objetivos de estas infraestructuras educativas est\u00e1n los de potenciar la adopci\u00f3n de estrategias pedag\u00f3gicas que permitan un aprendizaje activo y personalizado, poniendo especial \u00e9nfasis en la inclusi\u00f3n y el Dise\u00f1o Universal de Aprendizaje (DUA) para que todo el alumnado tenga oportunidades para aprender, metodolog\u00edas que propicien la pertenencia, participaci\u00f3n y el progreso de todo el alumnado, metodolog\u00edas como la docencia compartida, el ABP, el aprendizaje cooperativo, ense\u00f1anza multinivel, estaciones de aprendizaje y trabajo interdisciplinar.<\/p>\n\n\n\n<p>La transformaci\u00f3n de los espacios existentes en espacios ikasNOVA genera aulas m\u00e1s flexibles, con mobiliario seg\u00fan la actividad a desarrollar (presentaciones y debate, trabajo cooperativo, trabajo personal y autorreflexi\u00f3n, creaciones anal\u00f3gicas y digitales, b\u00fasqueda de informaci\u00f3n e investigaci\u00f3n), as\u00ed como abrir la clase al resto del centro educativo, a la comunidad educativa y a la sociedad en general.<\/p>\n\n\n","protected":false},"excerpt":{"rendered":"<p>Nuestro colegio de Infantil y Primaria CIUDAD DE CORELLA dispone ya de un aula ikasNOVA, que recientemente ha sido visitada por el consejero de Educaci\u00f3n, Carlos Gimeno. Acto en la que ha estado acompa\u00f1ado por el director del colegio, el alcalde de Corella y concejales del ayuntamiento. \u00a0 El C.P. Ciudad de Corella nos convertimos &hellip; <\/p>\n<p><a class=\"more-link btn\" href=\"https:\/\/cpcorella.educacion.navarra.es\/blogs\/blog\/2025\/03\/24\/aula-ikasnova\/\">Continue reading<\/a><\/p>\n","protected":false},"author":6,"featured_media":0,"comment_status":"closed","ping_status":"closed","sticky":false,"template":"","format":"standard","meta":[],"categories":[1],"tags":[],"_links":{"self":[{"href":"https:\/\/cpcorella.educacion.navarra.es\/blogs\/wp-json\/wp\/v2\/posts\/6113"}],"collection":[{"href":"https:\/\/cpcorella.educacion.navarra.es\/blogs\/wp-json\/wp\/v2\/posts"}],"about":[{"href":"https:\/\/cpcorella.educacion.navarra.es\/blogs\/wp-json\/wp\/v2\/types\/post"}],"author":[{"embeddable":true,"href":"https:\/\/cpcorella.educacion.navarra.es\/blogs\/wp-json\/wp\/v2\/users\/6"}],"replies":[{"embeddable":true,"href":"https:\/\/cpcorella.educacion.navarra.es\/blogs\/wp-json\/wp\/v2\/comments?post=6113"}],"version-history":[{"count":3,"href":"https:\/\/cpcorella.educacion.navarra.es\/blogs\/wp-json\/wp\/v2\/posts\/6113\/revisions"}],"predecessor-version":[{"id":6117,"href":"https:\/\/cpcorella.educacion.navarra.es\/blogs\/wp-json\/wp\/v2\/posts\/6113\/revisions\/6117"}],"wp:attachment":[{"href":"https:\/\/cpcorella.educacion.navarra.es\/blogs\/wp-json\/wp\/v2\/media?parent=6113"}],"wp:term":[{"taxonomy":"category","embeddable":true,"href":"https:\/\/cpcorella.educacion.navarra.es\/blogs\/wp-json\/wp\/v2\/categories?post=6113"},{"taxonomy":"post_tag","embeddable":true,"href":"https:\/\/cpcorella.educacion.navarra.es\/blogs\/wp-json\/wp\/v2\/tags?post=6113"}],"curies":[{"name":"wp","href":"https:\/\/api.w.org\/{rel}","templated":true}]}}