{"id":5791,"date":"2024-09-05T20:16:21","date_gmt":"2024-09-05T18:16:21","guid":{"rendered":"https:\/\/cpcorella.educacion.navarra.es\/blogs\/?p=5791"},"modified":"2024-09-05T20:16:21","modified_gmt":"2024-09-05T18:16:21","slug":"inicio-curso-escolar-2024-25","status":"publish","type":"post","link":"https:\/\/cpcorella.educacion.navarra.es\/blogs\/blog\/2024\/09\/05\/inicio-curso-escolar-2024-25\/","title":{"rendered":"INICIO CURSO ESCOLAR 2024\/25"},"content":{"rendered":"\n<p>LUNES 9 DE SEPTIEMBRE<br \/>9:00 INICIO DEL CURSO INFANTIL 1\u00ba Y 2\u00ba<br \/><br \/>&#8211; INFANTIL:<br \/>Cada tutor\/a recoger\u00e1 a sus alumnos\/as en las puertas de las clases.<\/p>\n<p><br \/>&#8211; PRIMARIA<\/p>\n<p>Formar\u00e1n las filas en la zona del PARKING, al igual que en cursos pasados.<\/p>\n<p>A los padres y madres del 1\u00baCICLO,\u00a0 por razones de seguridad, NO se les permitir\u00e1 acceder a las clases de sus hij@s para subirles el material, LO DEBEN ENTREGAR EN EL COLEGIO EL JUEVES 5 Y EL VIERNES 6.<br \/>Se ir\u00e1n nombrando las aulas con su respectivo tutor\/a para que\u00a0 \u00a0seguidamente suban.<\/p>\n<p>9:20 INICIO DEL CURSO 3\u00ba, 4\u00ba, 5\u00ba y 6\u00ba<br \/>Las filas se realizar\u00e1n en el patio.<\/p>\n<p>SE MANTIENEN LAS ENTRADAS A PARTIR DE LAS 8:50 A LO LARGO DEL CURSO.<\/p>\n<p>SE CERRAR\u00c1N LAS PUERTAS A LAS 9:00.<\/p>\n<p>LOS LISTADOS SE HAR\u00c1N P\u00daBLICOS EL D\u00cdA 6 DE SEPTIEMBRE A PARTIR DE LAS 14:00.<\/p>\n<p>Los listados de los grupos son provisionales. Llevamos trabajando desde julio, informando al Consejo Escolar,\u00a0 para que el Departamento de Educaci\u00f3n nos dote de varios desdobles de cursos. Todav\u00eda no nos han informado de dichos desdobles. Entendemos y compartimos vuestro posible malestar, pero os pedimos comprensi\u00f3n. Las decisiones no dependen de nosotros. Estamos trabajando por dar a vuestros hijos una mejor calidad y atenci\u00f3n educativa.<\/p>\n<p>Gracias.<\/p>\n","protected":false},"excerpt":{"rendered":"<p>LUNES 9 DE SEPTIEMBRE9:00 INICIO DEL CURSO INFANTIL 1\u00ba Y 2\u00ba &#8211; INFANTIL:Cada tutor\/a recoger\u00e1 a sus alumnos\/as en las puertas de las clases. &#8211; PRIMARIA Formar\u00e1n las filas en la zona del PARKING, al igual que en cursos pasados. A los padres y madres del 1\u00baCICLO,\u00a0 por razones de seguridad, NO se les permitir\u00e1 &hellip; <\/p>\n<p><a class=\"more-link btn\" href=\"https:\/\/cpcorella.educacion.navarra.es\/blogs\/blog\/2024\/09\/05\/inicio-curso-escolar-2024-25\/\">Continue reading<\/a><\/p>\n","protected":false},"author":6,"featured_media":0,"comment_status":"closed","ping_status":"closed","sticky":false,"template":"","format":"standard","meta":[],"categories":[1],"tags":[],"_links":{"self":[{"href":"https:\/\/cpcorella.educacion.navarra.es\/blogs\/wp-json\/wp\/v2\/posts\/5791"}],"collection":[{"href":"https:\/\/cpcorella.educacion.navarra.es\/blogs\/wp-json\/wp\/v2\/posts"}],"about":[{"href":"https:\/\/cpcorella.educacion.navarra.es\/blogs\/wp-json\/wp\/v2\/types\/post"}],"author":[{"embeddable":true,"href":"https:\/\/cpcorella.educacion.navarra.es\/blogs\/wp-json\/wp\/v2\/users\/6"}],"replies":[{"embeddable":true,"href":"https:\/\/cpcorella.educacion.navarra.es\/blogs\/wp-json\/wp\/v2\/comments?post=5791"}],"version-history":[{"count":1,"href":"https:\/\/cpcorella.educacion.navarra.es\/blogs\/wp-json\/wp\/v2\/posts\/5791\/revisions"}],"predecessor-version":[{"id":5793,"href":"https:\/\/cpcorella.educacion.navarra.es\/blogs\/wp-json\/wp\/v2\/posts\/5791\/revisions\/5793"}],"wp:attachment":[{"href":"https:\/\/cpcorella.educacion.navarra.es\/blogs\/wp-json\/wp\/v2\/media?parent=5791"}],"wp:term":[{"taxonomy":"category","embeddable":true,"href":"https:\/\/cpcorella.educacion.navarra.es\/blogs\/wp-json\/wp\/v2\/categories?post=5791"},{"taxonomy":"post_tag","embeddable":true,"href":"https:\/\/cpcorella.educacion.navarra.es\/blogs\/wp-json\/wp\/v2\/tags?post=5791"}],"curies":[{"name":"wp","href":"https:\/\/api.w.org\/{rel}","templated":true}]}}