{"id":5701,"date":"2024-03-05T10:29:02","date_gmt":"2024-03-05T09:29:02","guid":{"rendered":"https:\/\/cpcorella.educacion.navarra.es\/blogs\/?p=5701"},"modified":"2024-03-05T11:11:52","modified_gmt":"2024-03-05T10:11:52","slug":"padlet-sciences-5o","status":"publish","type":"post","link":"https:\/\/cpcorella.educacion.navarra.es\/blogs\/blog\/2024\/03\/05\/padlet-sciences-5o\/","title":{"rendered":"PADLET  SCIENCES 5\u00ba"},"content":{"rendered":"\n<p>Los alumnos y alumnas de 5\u00ba de primaria se han convertido en guardianes de la naturaleza; investigando diferentes especies en peligro de extinci\u00f3n y las causas de estas. A trav\u00e9s de este muro digital, nos animan e invitan, a la vez que nos gu\u00edan para proteger nuestro medio ambiente y evitar que esto siga ocurriendo.<\/p>\n<p>\u00a0<\/p>\n<table style=\"border-collapse: collapse; width: 100%;\">\n<tbody>\n<tr>\n<td style=\"width: 33.3333%;\">\n<div id=\"attachment_5702\" style=\"width: 221px\" class=\"wp-caption alignnone\"><a href=\"https:\/\/padlet.com\/padlets\/558aba2aexbsn3uh\"><img aria-describedby=\"caption-attachment-5702\" loading=\"lazy\" class=\"size-full wp-image-5702\" src=\"https:\/\/cpcorella.educacion.navarra.es\/blogs\/wp-content\/uploads\/2024\/03\/WhatsApp-Image-2024-02-27-at-21.37.46.jpeg\" alt=\"5\u00ba A\" width=\"221\" height=\"212\" \/><\/a><p id=\"caption-attachment-5702\" class=\"wp-caption-text\">5\u00ba A<\/p><\/div>\n<\/td>\n<td style=\"width: 37.8378%;\">\n<p><a href=\"https:\/\/padlet.com\/padlets\/nqloys5fwy6hxuar\"><img loading=\"lazy\" class=\"alignnone  wp-image-5704\" src=\"https:\/\/cpcorella.educacion.navarra.es\/blogs\/wp-content\/uploads\/2024\/03\/WhatsApp-Image-2024-02-27-at-21.37.46-2.jpeg\" alt=\"5\u00ba B\" width=\"224\" height=\"227\" \/><\/a><\/p>\n<p style=\"text-align: center;\">5\u00ba B<\/p>\n<\/td>\n<\/tr>\n<tr>\n<td style=\"width: 33.3333%;\">\n<div id=\"attachment_5706\" style=\"width: 228px\" class=\"wp-caption alignnone\"><a href=\"https:\/\/padlet.com\/laguirrara\/wildlife-guardians-5-c-gyrpbuph5f66aonh\"><img aria-describedby=\"caption-attachment-5706\" loading=\"lazy\" class=\"size-full wp-image-5706\" src=\"https:\/\/cpcorella.educacion.navarra.es\/blogs\/wp-content\/uploads\/2024\/03\/WhatsApp-Image-2024-02-27-at-21.37.46-5.jpeg\" alt=\"\" width=\"228\" height=\"226\" srcset=\"https:\/\/cpcorella.educacion.navarra.es\/blogs\/wp-content\/uploads\/2024\/03\/WhatsApp-Image-2024-02-27-at-21.37.46-5.jpeg 228w, https:\/\/cpcorella.educacion.navarra.es\/blogs\/wp-content\/uploads\/2024\/03\/WhatsApp-Image-2024-02-27-at-21.37.46-5-150x150.jpeg 150w\" sizes=\"(max-width: 228px) 100vw, 228px\" \/><\/a><p id=\"caption-attachment-5706\" class=\"wp-caption-text\">5\u00baC<\/p><\/div>\n<\/td>\n<td style=\"width: 37.8378%;\">\n<div id=\"attachment_5708\" style=\"width: 231px\" class=\"wp-caption alignnone\"><a href=\"https:\/\/padlet.com\/laguirrara\/wildlife-guardians-5-d-gjjc3cmeaxlby0ku\"><img aria-describedby=\"caption-attachment-5708\" loading=\"lazy\" class=\"size-full wp-image-5708\" src=\"https:\/\/cpcorella.educacion.navarra.es\/blogs\/wp-content\/uploads\/2024\/03\/WhatsApp-Image-2024-02-27-at-21.37.46-6.jpeg\" alt=\"\" width=\"231\" height=\"222\" \/><\/a><p id=\"caption-attachment-5708\" class=\"wp-caption-text\">5\u00ba D<\/p><\/div>\n<\/td>\n<\/tr>\n<tr>\n<td style=\"width: 33.3333%;\" colspan=\"2\">\n<div id=\"attachment_5711\" style=\"width: 240px\" class=\"wp-caption aligncenter\"><a href=\"https:\/\/padlet.com\/laguirrara\/wildlife-guardians-5-e-c5lecbnadmyhy3t8\"><img aria-describedby=\"caption-attachment-5711\" loading=\"lazy\" class=\"size-full wp-image-5711\" src=\"https:\/\/cpcorella.educacion.navarra.es\/blogs\/wp-content\/uploads\/2024\/03\/WhatsApp-Image-2024-02-27-at-21.37.46-7.jpeg\" alt=\"\" width=\"240\" height=\"241\" srcset=\"https:\/\/cpcorella.educacion.navarra.es\/blogs\/wp-content\/uploads\/2024\/03\/WhatsApp-Image-2024-02-27-at-21.37.46-7.jpeg 240w, https:\/\/cpcorella.educacion.navarra.es\/blogs\/wp-content\/uploads\/2024\/03\/WhatsApp-Image-2024-02-27-at-21.37.46-7-150x150.jpeg 150w\" sizes=\"(max-width: 240px) 100vw, 240px\" \/><\/a><p id=\"caption-attachment-5711\" class=\"wp-caption-text\">5\u00ba E<\/p><\/div>\n<div class=\"mceTemp\" style=\"text-align: center;\">\u00a0<\/div>\n<div class=\"mceTemp\">\u00a0<\/div>\n<\/td>\n<\/tr>\n<\/tbody>\n<\/table>\n","protected":false},"excerpt":{"rendered":"<p>Los alumnos y alumnas de 5\u00ba de primaria se han convertido en guardianes de la naturaleza; investigando diferentes especies en peligro de extinci\u00f3n y las causas de estas. A trav\u00e9s de este muro digital, nos animan e invitan, a la vez que nos gu\u00edan para proteger nuestro medio ambiente y evitar que esto siga ocurriendo. &hellip; <\/p>\n<p><a class=\"more-link btn\" href=\"https:\/\/cpcorella.educacion.navarra.es\/blogs\/blog\/2024\/03\/05\/padlet-sciences-5o\/\">Continue reading<\/a><\/p>\n","protected":false},"author":6,"featured_media":0,"comment_status":"closed","ping_status":"closed","sticky":false,"template":"","format":"standard","meta":[],"categories":[1],"tags":[],"_links":{"self":[{"href":"https:\/\/cpcorella.educacion.navarra.es\/blogs\/wp-json\/wp\/v2\/posts\/5701"}],"collection":[{"href":"https:\/\/cpcorella.educacion.navarra.es\/blogs\/wp-json\/wp\/v2\/posts"}],"about":[{"href":"https:\/\/cpcorella.educacion.navarra.es\/blogs\/wp-json\/wp\/v2\/types\/post"}],"author":[{"embeddable":true,"href":"https:\/\/cpcorella.educacion.navarra.es\/blogs\/wp-json\/wp\/v2\/users\/6"}],"replies":[{"embeddable":true,"href":"https:\/\/cpcorella.educacion.navarra.es\/blogs\/wp-json\/wp\/v2\/comments?post=5701"}],"version-history":[{"count":5,"href":"https:\/\/cpcorella.educacion.navarra.es\/blogs\/wp-json\/wp\/v2\/posts\/5701\/revisions"}],"predecessor-version":[{"id":5714,"href":"https:\/\/cpcorella.educacion.navarra.es\/blogs\/wp-json\/wp\/v2\/posts\/5701\/revisions\/5714"}],"wp:attachment":[{"href":"https:\/\/cpcorella.educacion.navarra.es\/blogs\/wp-json\/wp\/v2\/media?parent=5701"}],"wp:term":[{"taxonomy":"category","embeddable":true,"href":"https:\/\/cpcorella.educacion.navarra.es\/blogs\/wp-json\/wp\/v2\/categories?post=5701"},{"taxonomy":"post_tag","embeddable":true,"href":"https:\/\/cpcorella.educacion.navarra.es\/blogs\/wp-json\/wp\/v2\/tags?post=5701"}],"curies":[{"name":"wp","href":"https:\/\/api.w.org\/{rel}","templated":true}]}}