{"id":5609,"date":"2023-10-18T20:27:50","date_gmt":"2023-10-18T18:27:50","guid":{"rendered":"https:\/\/cpcorella.educacion.navarra.es\/blogs\/?p=5609"},"modified":"2023-10-31T11:41:51","modified_gmt":"2023-10-31T10:41:51","slug":"halloween-2023","status":"publish","type":"post","link":"https:\/\/cpcorella.educacion.navarra.es\/blogs\/blog\/2023\/10\/18\/halloween-2023\/","title":{"rendered":"HALLOWEEN 2023"},"content":{"rendered":"\n<p>Estimadas familias:<\/p>\n<p>\u00a0\u00a0\u00a0\u00a0\u00a0\u00a0\u00a0\u00a0\u00a0\u00a0\u00a0 Al igual que en cursos anteriores, vamos a celebrar nuestro concurso de decoraciones de HALLOWEEN. Se trata de realizar un adorno de Halloween lo m\u00e1s tenebroso posible. Se invita a utilizar materiales de reciclaje. Habr\u00e1 un premio por clase al trabajo m\u00e1s tenebroso.<\/p>\n<p>Desde el pr\u00f3ximo LUNES, d\u00eda\u00a0<strong>23 de octubre hasta el MI\u00c9RCOLES 25 del mismo mes<\/strong>, procederemos a recoger los trabajos realizados. El alumnado se lo entregar\u00e1 a su respectivo tutor o tutora.<\/p>\n<p>\u00a0\u00a0\u00a0\u00a0\u00a0\u00a0\u00a0\u00a0\u00a0\u00a0\u00a0 Este curso vamos a realizar una <strong>espectacular exposici\u00f3n<\/strong> con todos los trabajos presentados. Dicha exposici\u00f3n estar\u00e1 abierta al p\u00fablico desde el VIERNES 27 hasta el MARTES 31 en el horario indicado en el centro.<\/p>\n<p>Os animamos a que particip\u00e9is<strong>.<\/strong><\/p>\n<p><strong><u>LUNES 23<\/u><\/strong><\/p>\n<ul>\n<li><strong>RECOGIDA DE TRABAJOS<\/strong><\/li>\n<\/ul>\n<p><strong><u>MARTES 24<\/u><\/strong><\/p>\n<ul>\n<li><strong>RECOGIDA DE TRABAJOS<\/strong><\/li>\n<\/ul>\n<p><strong><u>MI\u00c9RCOLES 25<\/u><\/strong><\/p>\n<ul>\n<li><strong>RECOGIDA DE TRABAJOS<\/strong><\/li>\n<\/ul>\n<p><strong style=\"font-size: revert;\"><u>JUEVES 26<\/u><\/strong><\/p>\n<ul>\n<li><b>MONTAJE DE LA EXPOSICI\u00d3N<\/b><\/li>\n<\/ul>\n<p><strong style=\"font-size: revert;\"><u>VIERNES 27<\/u><\/strong><\/p>\n<ul>\n<li><strong>8:00 &#8211; 9:30 APERTURA EXPOSICI\u00d3N FAMILIAS<\/strong><\/li>\n<li><strong>9:30 &#8211; 14:00 APERTURA EXPOSICI\u00d3N ALUMNADO<\/strong><\/li>\n<\/ul>\n<p><span style=\"text-decoration: underline;\"><strong>LUNES 30<\/strong><\/span><\/p>\n<ul>\n<li><strong>8:00 &#8211; 9:30 APERTURA EXPOSICI\u00d3N FAMILIAS<\/strong><\/li>\n<li><strong>9:30 &#8211; 14:00 APERTURA EXPOSICI\u00d3N ALUMNADO<\/strong><\/li>\n<\/ul>\n<p><span style=\"text-decoration: underline;\"><strong>MARTES 31<\/strong><\/span><\/p>\n<ul>\n<li><strong>8:00 &#8211; 9:30 APERTURA EXPOSICI\u00d3N FAMILIAS<\/strong><\/li>\n<li><strong>9:30 &#8211; 11:00 APERTURA EXPOSICI\u00d3N ALUMNADO<\/strong><\/li>\n<\/ul>\n<ul>\n<li>11:00 &#8211; 14:00 RECOGIDA DE TRABAJOS POR PARTE DEL ALUMNADO<\/li>\n<\/ul>\n<p>GANADORES\/AS CONCURSO<\/p>\n<table width=\"264\">\n<tbody>\n<tr>\n<td width=\"132\">1\u00ba A<\/td>\n<td width=\"132\">Sneyder Lasso Pico<\/td>\n<\/tr>\n<tr>\n<td>1\u00ba B<\/td>\n<td>Saray C\u00e1diz Garrido\u00a0<\/td>\n<\/tr>\n<tr>\n<td>1\u00ba C<\/td>\n<td>Mauro L\u00f3pez<\/td>\n<\/tr>\n<tr>\n<td>1\u00ba D<\/td>\n<td>Javier Militino Li\u00f1\u00e1n<\/td>\n<\/tr>\n<tr>\n<td>2\u00ba A<\/td>\n<td>Melisa Salamovic<\/td>\n<\/tr>\n<tr>\n<td>2\u00ba B<\/td>\n<td>Cayetana Ayala Gallego<\/td>\n<\/tr>\n<tr>\n<td>2\u00ba C<\/td>\n<td>Dilan Jim\u00e9nez\u00a0<\/td>\n<\/tr>\n<tr>\n<td>2\u00ba D<\/td>\n<td>Marina Jalle Sanz\u00a0<\/td>\n<\/tr>\n<tr>\n<td>2\u00ba E<\/td>\n<td>Rom\u00e1n Galarreta Mart\u00ednez\u00a0<\/td>\n<\/tr>\n<tr>\n<td>3\u00ba A<\/td>\n<td>BRIANNA CARRILLO<\/td>\n<\/tr>\n<tr>\n<td>3\u00ba B<\/td>\n<td>Gabriel P\u00e9rez Pardillos<\/td>\n<\/tr>\n<tr>\n<td>3\u00ba C<\/td>\n<td>GRETA SALCEDO L\u00d3PEZ<\/td>\n<\/tr>\n<tr>\n<td>3\u00ba D<\/td>\n<td>Erwan Jim\u00e9nez\u00a0<\/td>\n<\/tr>\n<tr>\n<td>4\u00baA<\/td>\n<td>MANUELA<\/td>\n<\/tr>\n<tr>\n<td>4\u00baB<\/td>\n<td>valeria Lacarra<\/td>\n<\/tr>\n<tr>\n<td>4\u00ba C<\/td>\n<td>NOELIA ARELLANO MATEO<\/td>\n<\/tr>\n<tr>\n<td>4\u00ba D<\/td>\n<td>Uxue Guillorme Malumbres\u00a0<\/td>\n<\/tr>\n<tr>\n<td>4\u00ba E<\/td>\n<td>Martina Arellano<\/td>\n<\/tr>\n<tr>\n<td>5\u00ba A<\/td>\n<td>Martina Romano Delgado<\/td>\n<\/tr>\n<tr>\n<td>5\u00ba B<\/td>\n<td>Nahia Latorre<\/td>\n<\/tr>\n<tr>\n<td>5\u00ba C<\/td>\n<td>Ariadne Li\u00f1\u00e1n Sobejano<\/td>\n<\/tr>\n<tr>\n<td>5\u00ba D<\/td>\n<td>Aimar Gil<\/td>\n<\/tr>\n<tr>\n<td>5\u00ba E<\/td>\n<td>Celia Mateo Barriuso<\/td>\n<\/tr>\n<tr>\n<td>6\u00baA<\/td>\n<td>SOF\u00cdA<\/td>\n<\/tr>\n<tr>\n<td>6\u00baB<\/td>\n<td>mat\u00edas l\u00f3pez<\/td>\n<\/tr>\n<tr>\n<td>6\u00ba C<\/td>\n<td>Stanley Ariel Orobio Pico<\/td>\n<\/tr>\n<tr>\n<td>6\u00ba D<\/td>\n<td>Jorge C\u00e1diz\u00a0<\/td>\n<\/tr>\n<tr>\n<td>6\u00baE<\/td>\n<td>Alba San Adri\u00e1n\u00a0<\/td>\n<\/tr>\n<\/tbody>\n<\/table>\n","protected":false},"excerpt":{"rendered":"<p>Estimadas familias: \u00a0\u00a0\u00a0\u00a0\u00a0\u00a0\u00a0\u00a0\u00a0\u00a0\u00a0 Al igual que en cursos anteriores, vamos a celebrar nuestro concurso de decoraciones de HALLOWEEN. Se trata de realizar un adorno de Halloween lo m\u00e1s tenebroso posible. Se invita a utilizar materiales de reciclaje. Habr\u00e1 un premio por clase al trabajo m\u00e1s tenebroso. Desde el pr\u00f3ximo LUNES, d\u00eda\u00a023 de octubre hasta el &hellip; <\/p>\n<p><a class=\"more-link btn\" href=\"https:\/\/cpcorella.educacion.navarra.es\/blogs\/blog\/2023\/10\/18\/halloween-2023\/\">Continue reading<\/a><\/p>\n","protected":false},"author":6,"featured_media":0,"comment_status":"closed","ping_status":"closed","sticky":false,"template":"","format":"standard","meta":[],"categories":[1],"tags":[],"_links":{"self":[{"href":"https:\/\/cpcorella.educacion.navarra.es\/blogs\/wp-json\/wp\/v2\/posts\/5609"}],"collection":[{"href":"https:\/\/cpcorella.educacion.navarra.es\/blogs\/wp-json\/wp\/v2\/posts"}],"about":[{"href":"https:\/\/cpcorella.educacion.navarra.es\/blogs\/wp-json\/wp\/v2\/types\/post"}],"author":[{"embeddable":true,"href":"https:\/\/cpcorella.educacion.navarra.es\/blogs\/wp-json\/wp\/v2\/users\/6"}],"replies":[{"embeddable":true,"href":"https:\/\/cpcorella.educacion.navarra.es\/blogs\/wp-json\/wp\/v2\/comments?post=5609"}],"version-history":[{"count":2,"href":"https:\/\/cpcorella.educacion.navarra.es\/blogs\/wp-json\/wp\/v2\/posts\/5609\/revisions"}],"predecessor-version":[{"id":5645,"href":"https:\/\/cpcorella.educacion.navarra.es\/blogs\/wp-json\/wp\/v2\/posts\/5609\/revisions\/5645"}],"wp:attachment":[{"href":"https:\/\/cpcorella.educacion.navarra.es\/blogs\/wp-json\/wp\/v2\/media?parent=5609"}],"wp:term":[{"taxonomy":"category","embeddable":true,"href":"https:\/\/cpcorella.educacion.navarra.es\/blogs\/wp-json\/wp\/v2\/categories?post=5609"},{"taxonomy":"post_tag","embeddable":true,"href":"https:\/\/cpcorella.educacion.navarra.es\/blogs\/wp-json\/wp\/v2\/tags?post=5609"}],"curies":[{"name":"wp","href":"https:\/\/api.w.org\/{rel}","templated":true}]}}