{"id":5515,"date":"2023-02-27T11:38:40","date_gmt":"2023-02-27T10:38:40","guid":{"rendered":"https:\/\/cpcorella.educacion.navarra.es\/blogs\/?p=5515"},"modified":"2023-02-27T11:38:41","modified_gmt":"2023-02-27T10:38:41","slug":"preinscripciones-23-24","status":"publish","type":"post","link":"https:\/\/cpcorella.educacion.navarra.es\/blogs\/blog\/2023\/02\/27\/preinscripciones-23-24\/","title":{"rendered":"PREINSCRIPCIONES 23\/24"},"content":{"rendered":"\n<p>Se abre el\u00a0<strong>plazo de preinscripciones para la matr\u00edcula del curso escolar 2022\/23.<\/strong><\/p>\n<p>Os recordamos lo importante que es el realizar este proceso. Para cualquier duda no dud\u00e9is en poneros en contacto con el colegio. Os atenderemos personalmente.<\/p>\n<p>\u00a0<\/p>\n<p class=\"has-vivid-red-color has-cyan-bluish-gray-background-color has-text-color has-background\">El plazo de solicitudes es\u00a0<strong>desde el d\u00eda 6 al d\u00eda 10 de marzo de 2022.<\/strong>\u00a0 De 09:15 a 14:00<\/p>\n<p class=\"color: red; has-very-dark-gray-color has-cyan-bluish-gray-background-color has-text-color has-background\"><strong>Deben matricularse<\/strong>:<\/p>\n<ul>\n<li>Ni\u00f1os\/as que cumplan 3 a\u00f1os en 2023 (nacidos en 2020).<\/li>\n<li>Ni\u00f1os\/as en todos los niveles de Educaci\u00f3n Infantil y Educaci\u00f3n Primaria (de 3 a 11 a\u00f1os) de otros colegios de Navarra u otra Comunidad que vayan a venir a vivir a Corella para el pr\u00f3ximo curso.<\/li>\n<\/ul>\n<p>\u00a0<\/p>\n<p class=\"color: red; has-very-dark-gray-color has-cyan-bluish-gray-background-color has-text-color has-background\"><strong>DOCUMENTACI\u00d3N A ENTREGAR EN EL CENTRO:<\/strong><\/p>\n<ul>\n<li>Instancia oficial y Documentaci\u00f3n complementaria <em>(Se puede descargar de nuestra p\u00e1gina web: <\/em><a href=\"http:\/\/cpcorella.educacion.navarra.es\/blogs\"><em>http:\/\/cpcorella.educacion.navarra.es\/blogs<\/em><\/a><em> o recogerla en la entrada del colegio de\u00a0 Primaria)<\/em><\/li>\n<li><em style=\"font-size: revert;\">\u00a0<\/em><span style=\"font-size: revert;\">Certificado o Volante de empadronamiento <\/span><em style=\"font-size: revert;\">(Ser\u00eda conveniente que se SOLICITE el volante de empadronamiento a trav\u00e9s del 948 012 012, ya que es un servicio gratuito y lo reciben en el domicilio al d\u00eda siguiente.).<\/em><\/li>\n<li><em style=\"font-size: revert;\">\u00a0<\/em><span style=\"font-size: revert;\">Fotocopia del Libro de Familia.<\/span><\/li>\n<li>Fotocopia del D.N.I.\/N.I.E\/Pasaporte de la madre y del padre.<\/li>\n<\/ul>\n<ul>\n<li>Fotocopia de la hoja de vacunaciones de la cartilla sanitaria.<\/li>\n<li>Fotocopia de la Tarjeta de la Seguridad Social.<\/li>\n<li>Informes de los estudios m\u00e9dicos de alumnos\/as con minusval\u00edas <em>(informes audiom\u00e9tricos, otorrinolaringol\u00f3gicos, oftalmol\u00f3gicos, alergias, etc&#8230;).<\/em><\/li>\n<\/ul>\n<p class=\"color: red; has-very-dark-gray-color has-cyan-bluish-gray-background-color has-text-color has-background\"><strong>DESCARGA DOCUMENTOS<\/strong><\/p>\n<ul>\n<li><a href=\"https:\/\/drive.google.com\/file\/d\/1--C7blcX-MA3wQWYAlrPr_cEs_lVzcqK\/view?usp=share_link\">INSTANCIA OFICIAL<\/a><\/li>\n<li><a href=\"https:\/\/drive.google.com\/file\/d\/1-8T_SbVBQYag1NIJX0YcQAHQVExTAEIv\/view?usp=share_link\">DOCUMENTACI\u00d3N<\/a><\/li>\n<li><a href=\"https:\/\/drive.google.com\/file\/d\/1-ZnDnNfpCyc8MVI0VsRCqAw-CSofCXpR\/view?usp=share_link\">AUTORIZACI\u00d3N FOTOS<\/a><\/li>\n<li><a href=\"https:\/\/drive.google.com\/file\/d\/1-kjqmoEY1FIzeAim1NuPaz_ZLznCvmHz\/view?usp=share_link\">CESI\u00d3N DATOS PADR\u00d3N<\/a> (ES NECESARIO ACUDIR AL AYUNTAMIENTO CON ESTE DOCUMENTO IMPRESO Y RELLENADO)<\/li>\n<\/ul>\n<p>\u00a0<\/p>\n\n\n\n<figure class=\"wp-block-image size-large\"><a href=\"https:\/\/cpcorella.educacion.navarra.es\/blogs\/wp-content\/uploads\/2022\/03\/CARTEL-1_page-0001.jpg\"><img loading=\"lazy\" width=\"724\" height=\"1024\" src=\"https:\/\/cpcorella.educacion.navarra.es\/blogs\/wp-content\/uploads\/2022\/03\/CARTEL-1_page-0001-724x1024.jpg\" alt=\"\" class=\"wp-image-5521\" srcset=\"https:\/\/cpcorella.educacion.navarra.es\/blogs\/wp-content\/uploads\/2022\/03\/CARTEL-1_page-0001-724x1024.jpg 724w, https:\/\/cpcorella.educacion.navarra.es\/blogs\/wp-content\/uploads\/2022\/03\/CARTEL-1_page-0001-212x300.jpg 212w, https:\/\/cpcorella.educacion.navarra.es\/blogs\/wp-content\/uploads\/2022\/03\/CARTEL-1_page-0001-768x1086.jpg 768w, https:\/\/cpcorella.educacion.navarra.es\/blogs\/wp-content\/uploads\/2022\/03\/CARTEL-1_page-0001-1086x1536.jpg 1086w, https:\/\/cpcorella.educacion.navarra.es\/blogs\/wp-content\/uploads\/2022\/03\/CARTEL-1_page-0001-555x785.jpg 555w, https:\/\/cpcorella.educacion.navarra.es\/blogs\/wp-content\/uploads\/2022\/03\/CARTEL-1_page-0001.jpg 1241w\" sizes=\"(max-width: 724px) 100vw, 724px\" \/><\/a><\/figure>\n\n\n\n<p><a href=\"https:\/\/www.educacion.navarra.es\/web\/dpto\/preinscripcion\">P\u00c1GINA WEB DEPARTAMENTO DE EDUCACI\u00d3N<\/a><\/p>\n","protected":false},"excerpt":{"rendered":"<p>Se abre el\u00a0plazo de preinscripciones para la matr\u00edcula del curso escolar 2022\/23. Os recordamos lo importante que es el realizar este proceso. Para cualquier duda no dud\u00e9is en poneros en contacto con el colegio. Os atenderemos personalmente. \u00a0 El plazo de solicitudes es\u00a0desde el d\u00eda 6 al d\u00eda 10 de marzo de 2022.\u00a0 De 09:15 &hellip; <\/p>\n<p><a class=\"more-link btn\" href=\"https:\/\/cpcorella.educacion.navarra.es\/blogs\/blog\/2023\/02\/27\/preinscripciones-23-24\/\">Continue reading<\/a><\/p>\n","protected":false},"author":6,"featured_media":0,"comment_status":"closed","ping_status":"closed","sticky":false,"template":"","format":"standard","meta":[],"categories":[1],"tags":[],"_links":{"self":[{"href":"https:\/\/cpcorella.educacion.navarra.es\/blogs\/wp-json\/wp\/v2\/posts\/5515"}],"collection":[{"href":"https:\/\/cpcorella.educacion.navarra.es\/blogs\/wp-json\/wp\/v2\/posts"}],"about":[{"href":"https:\/\/cpcorella.educacion.navarra.es\/blogs\/wp-json\/wp\/v2\/types\/post"}],"author":[{"embeddable":true,"href":"https:\/\/cpcorella.educacion.navarra.es\/blogs\/wp-json\/wp\/v2\/users\/6"}],"replies":[{"embeddable":true,"href":"https:\/\/cpcorella.educacion.navarra.es\/blogs\/wp-json\/wp\/v2\/comments?post=5515"}],"version-history":[{"count":2,"href":"https:\/\/cpcorella.educacion.navarra.es\/blogs\/wp-json\/wp\/v2\/posts\/5515\/revisions"}],"predecessor-version":[{"id":5721,"href":"https:\/\/cpcorella.educacion.navarra.es\/blogs\/wp-json\/wp\/v2\/posts\/5515\/revisions\/5721"}],"wp:attachment":[{"href":"https:\/\/cpcorella.educacion.navarra.es\/blogs\/wp-json\/wp\/v2\/media?parent=5515"}],"wp:term":[{"taxonomy":"category","embeddable":true,"href":"https:\/\/cpcorella.educacion.navarra.es\/blogs\/wp-json\/wp\/v2\/categories?post=5515"},{"taxonomy":"post_tag","embeddable":true,"href":"https:\/\/cpcorella.educacion.navarra.es\/blogs\/wp-json\/wp\/v2\/tags?post=5515"}],"curies":[{"name":"wp","href":"https:\/\/api.w.org\/{rel}","templated":true}]}}