{"id":5487,"date":"2023-01-16T14:21:35","date_gmt":"2023-01-16T13:21:35","guid":{"rendered":"https:\/\/cpcorella.educacion.navarra.es\/blogs\/?p=5487"},"modified":"2023-01-16T14:21:36","modified_gmt":"2023-01-16T13:21:36","slug":"protocolo-de-agresiones-externas","status":"publish","type":"post","link":"https:\/\/cpcorella.educacion.navarra.es\/blogs\/blog\/2023\/01\/16\/protocolo-de-agresiones-externas\/","title":{"rendered":"Protocolo de Agresiones Externas"},"content":{"rendered":"\n<header class=\"entry-header\">\n<h1 class=\"entry-title\">\u00a0<\/h1>\n<\/header>\n<div class=\"entry-content\">\n<p>RESOLUCI\u00d3N 289\/2019, de 25 de junio, del Director General de Educaci\u00f3n, por la que se aprueban las\u00a0instrucciones que van a regular, durante el curso 2019-2020, la organizaci\u00f3n y el funcionamiento de los\u00a0centros p\u00fablicos que imparten las ense\u00f1anzas de Educaci\u00f3n Infantil, Educaci\u00f3n Primaria,\u00a0Educaci\u00f3n Secundaria Obligatoria y Bachillerato en el \u00e1mbito territorial de la Comunidad Foral de Navarra.<\/p>\n<p><em><a href=\"https:\/\/cpsanguesa.educacion.navarra.es\/blogs\/wp-content\/uploads\/2017\/09\/Protocolo_Portada.jpg\" data-featherlight=\"image\"><img loading=\"lazy\" class=\"alignleft wp-image-1701\" src=\"https:\/\/cpsanguesa.educacion.navarra.es\/blogs\/wp-content\/uploads\/2017\/09\/Protocolo_Portada-300x300.jpg\" sizes=\"(max-width: 290px) 100vw, 290px\" srcset=\"https:\/\/cpsanguesa.educacion.navarra.es\/blogs\/wp-content\/uploads\/2017\/09\/Protocolo_Portada-300x300.jpg 300w, https:\/\/cpsanguesa.educacion.navarra.es\/blogs\/wp-content\/uploads\/2017\/09\/Protocolo_Portada-150x150.jpg 150w, https:\/\/cpsanguesa.educacion.navarra.es\/blogs\/wp-content\/uploads\/2017\/09\/Protocolo_Portada-96x96.jpg 96w, https:\/\/cpsanguesa.educacion.navarra.es\/blogs\/wp-content\/uploads\/2017\/09\/Protocolo_Portada-24x24.jpg 24w, https:\/\/cpsanguesa.educacion.navarra.es\/blogs\/wp-content\/uploads\/2017\/09\/Protocolo_Portada-36x36.jpg 36w, https:\/\/cpsanguesa.educacion.navarra.es\/blogs\/wp-content\/uploads\/2017\/09\/Protocolo_Portada-48x48.jpg 48w, https:\/\/cpsanguesa.educacion.navarra.es\/blogs\/wp-content\/uploads\/2017\/09\/Protocolo_Portada-64x64.jpg 64w, https:\/\/cpsanguesa.educacion.navarra.es\/blogs\/wp-content\/uploads\/2017\/09\/Protocolo_Portada.jpg 733w\" alt=\"\" width=\"290\" height=\"290\" \/><\/a><\/em><\/p>\n<p><em>\u201cLas direcciones de los centros educativos notificar\u00e1n y activar\u00e1n de oficio el protocolo de agresi\u00f3n externa cuando ocurra una agresi\u00f3n al personal docente y no docente de los centros educativos de la Comunidad Foral de Navarra.<\/em><br \/><em>Las direcciones de los centros educativos informar\u00e1n en los claustros, de manera obligatoria, de la existencia del protocolo de actuaci\u00f3n frente a las agresiones externas. Tambi\u00e9n se informar\u00e1 de ello, en igual medida, al personal no docente en una reuni\u00f3n espec\u00edfica al comienzo del curso.<\/em><br \/><em>En las p\u00e1ginas Web de todos los centros educativos de la Comunidad Foral de Navarra se colgar\u00e1 dicho protocolo de actuaci\u00f3n frente a agresiones externas, en un lugar prioritario y de f\u00e1cil visibilidad. Igualmente, figurar\u00e1 en la documentaci\u00f3n interna de los centros: Internet, drive, etc.<\/em><br \/><em>En las p\u00e1ginas Web de todos los centros educativos de la Comunidad Foral de Navarra se colgar\u00e1 la informaci\u00f3n relativa a las funciones y datos de contacto de los Delegados de Prevenci\u00f3n del Departamento de Educaci\u00f3n, en un lugar prioritario y de f\u00e1cil visibilidad.<\/em><br \/><em>Las direcciones de los centros educativos dar\u00e1n a conocer, de manera obligatoria, en las reuniones con las familias, dicho protocolo de actuaci\u00f3n frente a agresiones externas.\u201d<\/em><\/p>\n<p>Este protocolo recoge las actuaciones a seguir en caso de que personal adscrito al Departamento de Educaci\u00f3n sea objeto de alguna de las siguientes conductas en el ejercicio de su actividad profesional o como consecuencia directa de la misma, por parte de personas externas a la organizaci\u00f3n (alumnos, ex alumnos, usuarios, padres y madres, etc.).<\/p>\n<ul>\n<li>Violencia f\u00edsica.<\/li>\n<li>Amenazas, insultos o conductas intimidatorias.<\/li>\n<li>Da\u00f1os materiales.<\/li>\n<\/ul>\n<ul>\n<li><strong><a href=\"https:\/\/www.educacion.navarra.es\/documents\/57308\/57782\/Agresiones_web_Cas.pdf\/b11014a3-f7da-4495-ab22-55f1acd0eb19\" target=\"_blank\" rel=\"noopener noreferrer\">Protocolo de actuaci\u00f3n ante agresiones externas al personal del Departamento de Educaci\u00f3n<\/a>.<\/strong><\/li>\n<li><strong><a href=\"https:\/\/www.educacion.navarra.es\/documents\/57308\/57782\/hoja_registr_agresi__n_Autocumplim.pdf\/4ace2a07-398f-40b0-85b2-9802fab196cf\" target=\"_blank\" rel=\"noopener noreferrer\">Hoja de registro y notificaci\u00f3n de agresiones externas<\/a>.<\/strong><\/li>\n<\/ul>\n<\/div>\n","protected":false},"excerpt":{"rendered":"<p>\u00a0 RESOLUCI\u00d3N 289\/2019, de 25 de junio, del Director General de Educaci\u00f3n, por la que se aprueban las\u00a0instrucciones que van a regular, durante el curso 2019-2020, la organizaci\u00f3n y el funcionamiento de los\u00a0centros p\u00fablicos que imparten las ense\u00f1anzas de Educaci\u00f3n Infantil, Educaci\u00f3n Primaria,\u00a0Educaci\u00f3n Secundaria Obligatoria y Bachillerato en el \u00e1mbito territorial de la Comunidad Foral &hellip; <\/p>\n<p><a class=\"more-link btn\" href=\"https:\/\/cpcorella.educacion.navarra.es\/blogs\/blog\/2023\/01\/16\/protocolo-de-agresiones-externas\/\">Continue reading<\/a><\/p>\n","protected":false},"author":6,"featured_media":0,"comment_status":"closed","ping_status":"closed","sticky":false,"template":"","format":"standard","meta":[],"categories":[1],"tags":[],"_links":{"self":[{"href":"https:\/\/cpcorella.educacion.navarra.es\/blogs\/wp-json\/wp\/v2\/posts\/5487"}],"collection":[{"href":"https:\/\/cpcorella.educacion.navarra.es\/blogs\/wp-json\/wp\/v2\/posts"}],"about":[{"href":"https:\/\/cpcorella.educacion.navarra.es\/blogs\/wp-json\/wp\/v2\/types\/post"}],"author":[{"embeddable":true,"href":"https:\/\/cpcorella.educacion.navarra.es\/blogs\/wp-json\/wp\/v2\/users\/6"}],"replies":[{"embeddable":true,"href":"https:\/\/cpcorella.educacion.navarra.es\/blogs\/wp-json\/wp\/v2\/comments?post=5487"}],"version-history":[{"count":1,"href":"https:\/\/cpcorella.educacion.navarra.es\/blogs\/wp-json\/wp\/v2\/posts\/5487\/revisions"}],"predecessor-version":[{"id":5488,"href":"https:\/\/cpcorella.educacion.navarra.es\/blogs\/wp-json\/wp\/v2\/posts\/5487\/revisions\/5488"}],"wp:attachment":[{"href":"https:\/\/cpcorella.educacion.navarra.es\/blogs\/wp-json\/wp\/v2\/media?parent=5487"}],"wp:term":[{"taxonomy":"category","embeddable":true,"href":"https:\/\/cpcorella.educacion.navarra.es\/blogs\/wp-json\/wp\/v2\/categories?post=5487"},{"taxonomy":"post_tag","embeddable":true,"href":"https:\/\/cpcorella.educacion.navarra.es\/blogs\/wp-json\/wp\/v2\/tags?post=5487"}],"curies":[{"name":"wp","href":"https:\/\/api.w.org\/{rel}","templated":true}]}}