{"id":5267,"date":"2022-01-12T11:35:43","date_gmt":"2022-01-12T10:35:43","guid":{"rendered":"https:\/\/cpcorella.educacion.navarra.es\/blogs\/?p=5267"},"modified":"2022-01-20T13:44:03","modified_gmt":"2022-01-20T12:44:03","slug":"dia-de-la-paz-6","status":"publish","type":"post","link":"https:\/\/cpcorella.educacion.navarra.es\/blogs\/blog\/2022\/01\/12\/dia-de-la-paz-6\/","title":{"rendered":"D\u00cdA DE LA PAZ"},"content":{"rendered":"\n<p>Con motivo de la celebraci\u00f3n del D\u00cdA DE LA PAZ, los d\u00edas del 24 al 28 de Enero, con la colaboraci\u00f3n de APYMA,\u00a0 realizaremos la actividad BOCATA SOLIDARIO.<\/p>\n<p>Este a\u00f1o vamos a colaborar con <a href=\"http:\/\/www.adano.es\/es\/inicio\">ADANO (Asociaci\u00f3n de ayuda a Ni\u00f1os con C\u00e1ncer de Navarra<\/a>).<\/p>\n<p><img loading=\"lazy\" class=\"size-full wp-image-5042 aligncenter\" src=\"https:\/\/cpcorella.educacion.navarra.es\/blogs\/wp-content\/uploads\/2021\/01\/image.jpeg\" alt=\"\" width=\"269\" height=\"187\" \/>Se instalar\u00e1n unas huchas en cada clase. A cambio de vuestra aportaci\u00f3n, \u00a0el d\u00eda 28 de Enero los ni\u00f1@s participantes recibir\u00e1n un bocadillo de Chistorra o de Salchicha de pollo (no olvid\u00e9is informar al tutor\/a de posibles alergias). No os pedimos una cantidad exacta de dinero, aunque estar\u00eda bien un euro, pero sabemos que cada un@ aportar\u00e1 lo que pueda.<\/p>\n\n\n\n<figure class=\"wp-block-embed is-type-video is-provider-youtube wp-block-embed-youtube wp-embed-aspect-16-9 wp-has-aspect-ratio\"><div class=\"wp-block-embed__wrapper\">\n<iframe loading=\"lazy\" title=\"Canci\u00f3n 12 de OCTUBRE - DIVERSIDAD CULTURAL #Vivan las manos de colores con LETRA #Happening\" width=\"555\" height=\"312\" src=\"https:\/\/www.youtube.com\/embed\/H5LzUJOWuEY?feature=oembed\" frameborder=\"0\" allow=\"accelerometer; autoplay; clipboard-write; encrypted-media; gyroscope; picture-in-picture\" allowfullscreen><\/iframe>\n<\/div><\/figure>\n\n\n\n<figure class=\"wp-block-embed is-type-video is-provider-youtube wp-block-embed-youtube wp-embed-aspect-16-9 wp-has-aspect-ratio\"><div class=\"wp-block-embed__wrapper\">\n<iframe loading=\"lazy\" title=\"Vivan las manos de colores, coreograf\u00eda.\" width=\"555\" height=\"312\" src=\"https:\/\/www.youtube.com\/embed\/GZBLWwEGlcs?feature=oembed\" frameborder=\"0\" allow=\"accelerometer; autoplay; clipboard-write; encrypted-media; gyroscope; picture-in-picture\" allowfullscreen><\/iframe>\n<\/div><\/figure>\n\n\n\n<p>En el Colegio, donde convivimos y estudiamos, donde nos divertimos y nos formamos como personas, hemos querido celebrar este D\u00cdA DE LA PAZ Y LA NO VIOLENCIA todos juntos.<\/p>\n<p><strong>\u00a0RECONOCEMOS QUE:<\/strong><\/p>\n<ul>\n<li>La paz no es s\u00f3lo un d\u00eda de enero. La paz se construye d\u00eda a d\u00eda. Todos nosotros debemos trabajar para convivir en paz en nuestro colegio, en nuestras familias, en nuestro barrio, en nuestro pa\u00eds.<\/li>\n<li>La paz consiste en derribar los muros de la incomunicaci\u00f3n, el aislamiento, el desprecio y el abandono al que se ven sometidas muchas personas cercanas a nosotros, en nuestro entorno, en el colegio, en la calle, \u2026 al lado de nuestra casa. Sabemos que es posible cambiar el mundo si cada uno de nosotros pone un poquito de su parte.<\/li>\n<li>Los seres vivos que nos acompa\u00f1an en nuestra aventura, en el planeta TIERRA, tienen derecho a existir y hacerlo dignamente. La crisis ecol\u00f3gica nos ha mostrado hasta qu\u00e9 nivel la coexistencia solidaria de todas las especies es un requisito fundamental para nuestra propia supervivencia, en armon\u00eda.<\/li>\n<\/ul>\n<ul>\n<li>Por esta raz\u00f3n, no nos podemos quedar con los brazos cruzados, en nuestra mano est\u00e1 poner nuestro granito de arena.<\/li>\n<\/ul>\n<p>Por eso, NOS COMPROMETEMOS A:<\/p>\n<ul>\n<li>Respetar a todas las personas, sin admitir ni la discriminaci\u00f3n ni los prejuicios.<\/li>\n<li>Rechazar la violencia en todas sus formas, las agresiones, los insultos, las peleas\u2026<\/li>\n<li>Favorecer el compa\u00f1erismo, la generosidad, el respeto a la diversidad cultural como riqueza humana. Y, por \u00faltimo, nos comprometemos a HACER VISIBLE LA PAZ, esforz\u00e1ndonos para que en nuestro colegio exista una buena relaci\u00f3n entre todas las personas que aqu\u00ed convivimos.<\/li>\n<\/ul>\n\n\n\n<figure class=\"wp-block-embed is-type-video is-provider-youtube wp-block-embed-youtube wp-embed-aspect-16-9 wp-has-aspect-ratio\"><div class=\"wp-block-embed__wrapper\">\n<iframe loading=\"lazy\" title=\"Happening - Vivan las manos de colores (Videoclip Oficial)\" width=\"555\" height=\"312\" src=\"https:\/\/www.youtube.com\/embed\/n9ppwF6h1sc?feature=oembed\" frameborder=\"0\" allow=\"accelerometer; autoplay; clipboard-write; encrypted-media; gyroscope; picture-in-picture\" allowfullscreen><\/iframe>\n<\/div><\/figure>\n","protected":false},"excerpt":{"rendered":"<p>Con motivo de la celebraci\u00f3n del D\u00cdA DE LA PAZ, los d\u00edas del 24 al 28 de Enero, con la colaboraci\u00f3n de APYMA,\u00a0 realizaremos la actividad BOCATA SOLIDARIO. Este a\u00f1o vamos a colaborar con ADANO (Asociaci\u00f3n de ayuda a Ni\u00f1os con C\u00e1ncer de Navarra). Se instalar\u00e1n unas huchas en cada clase. A cambio de vuestra &hellip; <\/p>\n<p><a class=\"more-link btn\" href=\"https:\/\/cpcorella.educacion.navarra.es\/blogs\/blog\/2022\/01\/12\/dia-de-la-paz-6\/\">Continue reading<\/a><\/p>\n","protected":false},"author":6,"featured_media":0,"comment_status":"closed","ping_status":"closed","sticky":false,"template":"","format":"standard","meta":[],"categories":[1],"tags":[],"_links":{"self":[{"href":"https:\/\/cpcorella.educacion.navarra.es\/blogs\/wp-json\/wp\/v2\/posts\/5267"}],"collection":[{"href":"https:\/\/cpcorella.educacion.navarra.es\/blogs\/wp-json\/wp\/v2\/posts"}],"about":[{"href":"https:\/\/cpcorella.educacion.navarra.es\/blogs\/wp-json\/wp\/v2\/types\/post"}],"author":[{"embeddable":true,"href":"https:\/\/cpcorella.educacion.navarra.es\/blogs\/wp-json\/wp\/v2\/users\/6"}],"replies":[{"embeddable":true,"href":"https:\/\/cpcorella.educacion.navarra.es\/blogs\/wp-json\/wp\/v2\/comments?post=5267"}],"version-history":[{"count":6,"href":"https:\/\/cpcorella.educacion.navarra.es\/blogs\/wp-json\/wp\/v2\/posts\/5267\/revisions"}],"predecessor-version":[{"id":5282,"href":"https:\/\/cpcorella.educacion.navarra.es\/blogs\/wp-json\/wp\/v2\/posts\/5267\/revisions\/5282"}],"wp:attachment":[{"href":"https:\/\/cpcorella.educacion.navarra.es\/blogs\/wp-json\/wp\/v2\/media?parent=5267"}],"wp:term":[{"taxonomy":"category","embeddable":true,"href":"https:\/\/cpcorella.educacion.navarra.es\/blogs\/wp-json\/wp\/v2\/categories?post=5267"},{"taxonomy":"post_tag","embeddable":true,"href":"https:\/\/cpcorella.educacion.navarra.es\/blogs\/wp-json\/wp\/v2\/tags?post=5267"}],"curies":[{"name":"wp","href":"https:\/\/api.w.org\/{rel}","templated":true}]}}