{"id":4405,"date":"2020-01-23T12:10:38","date_gmt":"2020-01-23T11:10:38","guid":{"rendered":"https:\/\/cpcorella.educacion.navarra.es\/blogs\/?p=4405"},"modified":"2020-01-23T12:14:37","modified_gmt":"2020-01-23T11:14:37","slug":"semana-de-la-paz-4","status":"publish","type":"post","link":"https:\/\/cpcorella.educacion.navarra.es\/blogs\/blog\/2020\/01\/23\/semana-de-la-paz-4\/","title":{"rendered":"SEMANA DE LA PAZ"},"content":{"rendered":"\n<p>Estimada Familia:<\/p>\n<p>Con motivo de la celebraci\u00f3n del D\u00cdA DE LA PAZ, los d\u00edas del 27 al 31 de Enero, con la colaboraci\u00f3n de APYMA,\u00a0 realizaremos la actividad BOCATA SOLIDARIO.<\/p>\n<p>Este a\u00f1o vamos a colaborar con SAVE THE CHILDREN.<\/p>\n<p>Se instalar\u00e1n unas huchas en cada clase. A cambio de vuestra aportaci\u00f3n, \u00a0el d\u00eda 31 de Enero los ni\u00f1@s participantes recibir\u00e1n un bocadillo de chocolate (no olvid\u00e9is informar al tutor\/a de posibles alergias). No os pedimos una cantidad exacta de dinero, aunque estar\u00eda bien un euro, pero sabemos que cada un@ aportar\u00e1 lo que pueda.<\/p>\n<p>El viernes 31 de enero, a las 12:30 realizaremos varios actos en la plaza del Ayuntamiento:<\/p>\n<ul>\n<li>Lectura de un manifiesto por la Paz.<\/li>\n<li>Canci\u00f3n y baile de la Paz.<\/li>\n<li>Carrera Solidaria.<\/li>\n<\/ul>\n<p>Muchas gracias por vuestra colaboraci\u00f3n y solidaridad. Recibid un cordial saludo.<\/p>\n<p>Os dejamos un v\u00eddeo de la anterior carrera solidaria.<\/p>\n<p><iframe loading=\"lazy\" title=\"CARRERA SOLIDARIA-CP JOS\u00c9 LUIS ARRESE 2017\" width=\"555\" height=\"416\" src=\"https:\/\/www.youtube.com\/embed\/xfDv6hdVZGc?feature=oembed\" frameborder=\"0\" allow=\"accelerometer; autoplay; clipboard-write; encrypted-media; gyroscope; picture-in-picture; web-share\" allowfullscreen><\/iframe><\/p>\n","protected":false},"excerpt":{"rendered":"<p>Estimada Familia: Con motivo de la celebraci\u00f3n del D\u00cdA DE LA PAZ, los d\u00edas del 27 al 31 de Enero, con la colaboraci\u00f3n de APYMA,\u00a0 realizaremos la actividad BOCATA SOLIDARIO. Este a\u00f1o vamos a colaborar con SAVE THE CHILDREN. Se instalar\u00e1n unas huchas en cada clase. A cambio de vuestra aportaci\u00f3n, \u00a0el d\u00eda 31 de &hellip; <\/p>\n<p><a class=\"more-link btn\" href=\"https:\/\/cpcorella.educacion.navarra.es\/blogs\/blog\/2020\/01\/23\/semana-de-la-paz-4\/\">Continue reading<\/a><\/p>\n","protected":false},"author":6,"featured_media":0,"comment_status":"closed","ping_status":"closed","sticky":false,"template":"","format":"standard","meta":[],"categories":[1],"tags":[],"_links":{"self":[{"href":"https:\/\/cpcorella.educacion.navarra.es\/blogs\/wp-json\/wp\/v2\/posts\/4405"}],"collection":[{"href":"https:\/\/cpcorella.educacion.navarra.es\/blogs\/wp-json\/wp\/v2\/posts"}],"about":[{"href":"https:\/\/cpcorella.educacion.navarra.es\/blogs\/wp-json\/wp\/v2\/types\/post"}],"author":[{"embeddable":true,"href":"https:\/\/cpcorella.educacion.navarra.es\/blogs\/wp-json\/wp\/v2\/users\/6"}],"replies":[{"embeddable":true,"href":"https:\/\/cpcorella.educacion.navarra.es\/blogs\/wp-json\/wp\/v2\/comments?post=4405"}],"version-history":[{"count":3,"href":"https:\/\/cpcorella.educacion.navarra.es\/blogs\/wp-json\/wp\/v2\/posts\/4405\/revisions"}],"predecessor-version":[{"id":5478,"href":"https:\/\/cpcorella.educacion.navarra.es\/blogs\/wp-json\/wp\/v2\/posts\/4405\/revisions\/5478"}],"wp:attachment":[{"href":"https:\/\/cpcorella.educacion.navarra.es\/blogs\/wp-json\/wp\/v2\/media?parent=4405"}],"wp:term":[{"taxonomy":"category","embeddable":true,"href":"https:\/\/cpcorella.educacion.navarra.es\/blogs\/wp-json\/wp\/v2\/categories?post=4405"},{"taxonomy":"post_tag","embeddable":true,"href":"https:\/\/cpcorella.educacion.navarra.es\/blogs\/wp-json\/wp\/v2\/tags?post=4405"}],"curies":[{"name":"wp","href":"https:\/\/api.w.org\/{rel}","templated":true}]}}