{"id":4277,"date":"2019-08-29T11:30:08","date_gmt":"2019-08-29T09:30:08","guid":{"rendered":"https:\/\/cpcorella.educacion.navarra.es\/blogs\/?p=4277"},"modified":"2019-08-29T12:26:28","modified_gmt":"2019-08-29T10:26:28","slug":"inscripcion-apyma-y-comedor","status":"publish","type":"post","link":"https:\/\/cpcorella.educacion.navarra.es\/blogs\/blog\/2019\/08\/29\/inscripcion-apyma-y-comedor\/","title":{"rendered":"INSCRIPCI\u00d3N APYMA Y COMEDOR"},"content":{"rendered":"\n<p>En los siguientes enlaces pod\u00e9is descargaros las fichas de inscripci\u00f3n de APYMA y la del comedor.<\/p>\n<p>\u00a0<\/p>\n<ul>\n<li><a href=\"https:\/\/drive.google.com\/file\/d\/12VSl88ccctADElXfEBXR96-4esF6Q0Jx\/view?usp=sharing\">INSCRIPCI\u00d3N APYMA<\/a>.<\/li>\n<li><a href=\"https:\/\/drive.google.com\/open?id=1aKOTZ3yfyv4cGki-5Co6K_ralX_IKujk\">INSCRIPCI\u00d3N COMEDOR.<\/a><\/li>\n<li><a href=\"https:\/\/drive.google.com\/open?id=1f_t37asAK9EUhIN75UhK30FEM-rZFEi4\">DOMICILIACI\u00d3N RECIBOS<\/a><\/li>\n<\/ul>\n","protected":false},"excerpt":{"rendered":"<p>En los siguientes enlaces pod\u00e9is descargaros las fichas de inscripci\u00f3n de APYMA y la del comedor. \u00a0 INSCRIPCI\u00d3N APYMA. INSCRIPCI\u00d3N COMEDOR. DOMICILIACI\u00d3N RECIBOS<\/p>\n","protected":false},"author":6,"featured_media":0,"comment_status":"closed","ping_status":"closed","sticky":false,"template":"","format":"standard","meta":[],"categories":[1],"tags":[],"_links":{"self":[{"href":"https:\/\/cpcorella.educacion.navarra.es\/blogs\/wp-json\/wp\/v2\/posts\/4277"}],"collection":[{"href":"https:\/\/cpcorella.educacion.navarra.es\/blogs\/wp-json\/wp\/v2\/posts"}],"about":[{"href":"https:\/\/cpcorella.educacion.navarra.es\/blogs\/wp-json\/wp\/v2\/types\/post"}],"author":[{"embeddable":true,"href":"https:\/\/cpcorella.educacion.navarra.es\/blogs\/wp-json\/wp\/v2\/users\/6"}],"replies":[{"embeddable":true,"href":"https:\/\/cpcorella.educacion.navarra.es\/blogs\/wp-json\/wp\/v2\/comments?post=4277"}],"version-history":[{"count":2,"href":"https:\/\/cpcorella.educacion.navarra.es\/blogs\/wp-json\/wp\/v2\/posts\/4277\/revisions"}],"predecessor-version":[{"id":4279,"href":"https:\/\/cpcorella.educacion.navarra.es\/blogs\/wp-json\/wp\/v2\/posts\/4277\/revisions\/4279"}],"wp:attachment":[{"href":"https:\/\/cpcorella.educacion.navarra.es\/blogs\/wp-json\/wp\/v2\/media?parent=4277"}],"wp:term":[{"taxonomy":"category","embeddable":true,"href":"https:\/\/cpcorella.educacion.navarra.es\/blogs\/wp-json\/wp\/v2\/categories?post=4277"},{"taxonomy":"post_tag","embeddable":true,"href":"https:\/\/cpcorella.educacion.navarra.es\/blogs\/wp-json\/wp\/v2\/tags?post=4277"}],"curies":[{"name":"wp","href":"https:\/\/api.w.org\/{rel}","templated":true}]}}