{"id":4197,"date":"2019-05-03T09:41:26","date_gmt":"2019-05-03T07:41:26","guid":{"rendered":"https:\/\/cpcorella.educacion.navarra.es\/blogs\/?p=4197"},"modified":"2019-05-08T12:07:19","modified_gmt":"2019-05-08T10:07:19","slug":"dia-del-libro-2","status":"publish","type":"post","link":"https:\/\/cpcorella.educacion.navarra.es\/blogs\/blog\/2019\/05\/03\/dia-del-libro-2\/","title":{"rendered":"D\u00cdA DEL LIBRO"},"content":{"rendered":"\n<p>A lo largo de toda esta semana estamos realizando la celebraci\u00f3n del d\u00eda del libro. <\/p>\n\n\n\n<p>Para ello hemos preparado unos gigantescos \u00e1rboles donde el alumnado pone su hoja, un peque\u00f1o libro que es el que m\u00e1s le ha gustado.<\/p>\n\n\n\n<script src=\"https:\/\/cdn.jsdelivr.net\/npm\/publicalbum@latest\/dist\/pa-embed-player.min.js\" async><\/script>\n<div class=\"pa-embed-player\" style=\"width:100%; height:480px; display:none;\"\n  data-link=\"https:\/\/photos.app.goo.gl\/RdrGAF6zeZcUbDn47\"\n  data-title=\"d\u00eda del libro\"\n  data-description=\"10 new photos \u00b7 Album by Cp Corella\">\n  <img data-src=\"https:\/\/lh3.googleusercontent.com\/cI58DjbmYRJjqzJjXAi0uPP0iQAhxIiUkw8nGw0dvxbwwK0pQqYWqponfYBoIKWuvPVJoGjc9qPvFzovy5wMoBdXg0Bhl27_XiJrBg7MthgZot08Wn0zUksLfEnAnDkJp4AJJ5weVgg=w1920-h1080\" src=\"\" alt=\"\" \/>\n  <img data-src=\"https:\/\/lh3.googleusercontent.com\/iDatBLpUvN4jorNqNTng8iJRbde14eZMooCOuF_BFu0EN_qXR98zdlGAxaJyY04WGIpzdRknyaGGN6aRln6QIv_CwyO-XrxYTnHu7nriLoVKnehOrueqlV16p93cQix7DxX0G61FbZo=w1920-h1080\" src=\"\" alt=\"\" \/>\n  <img data-src=\"https:\/\/lh3.googleusercontent.com\/qYIFkgTNgA1uIrCkh1sho68V9wB5Km33c8W3uZyxuSkW8idJdqFmiVtn8R6hZpJpPa_zHbXrI7Et2jGpPjv1GK71lFbrkNjoZjdcsng6w9eUvlHHOeQE-gC4k2bg6UkWl5maQYEF6c8=w1920-h1080\" src=\"\" alt=\"\" \/>\n  <img data-src=\"https:\/\/lh3.googleusercontent.com\/RHZi_9kLS8DZEtgrY6IkWCwLr2hMCxfsPaU9rgGQXAGqfNLov8AqbF_0d-1XgnY09B0LSiBQKOlCCR-oYE-8t6qYGEBKdUOa-zrC4iI4yB2Xyeu4HwPXmJKSh3sm_uFm-ZnQ9x1Yok4=w1920-h1080\" src=\"\" alt=\"\" \/>\n  <img data-src=\"https:\/\/lh3.googleusercontent.com\/_GIRnkoMrDDnuTHWpJh3W6m1qrcbkX5vHx-VgAa8oDnH6F0-GiTElrZb8afXH2xs5vmCVYvr8yMFfyl0qroK_9JEjwwr3IcL8-nbzcU5X5ZES1-vm8iPpU5zGkVbLby7Lv-r_XImUAI=w1920-h1080\" src=\"\" alt=\"\" \/>\n  <img data-src=\"https:\/\/lh3.googleusercontent.com\/ou4O9IsU447a5tV8ItWk2HjtzYAMK0Gyxb-YdxZeCrxyKXkjQjwLuH5N9sQ1ISUhtD4jGe3RihSxrPKz8E_0nZusYqXVFtcL7THXjvhOLcyF-KtHp6fnrOLcBLtJPRoSZmcyQtD7_mc=w1920-h1080\" src=\"\" alt=\"\" \/>\n  <img data-src=\"https:\/\/lh3.googleusercontent.com\/ensJ09dmzlJVXDYTbajWTplWy-wKfp04C77DNhwwFoP7cmjxfwPaWSC4iIRtnAZL_GvZNdQjXsgZm2HNZA1h2ybcD156gAisPGandzEiDXB-32sm7g51qSSyc8wPzBQ6mLOngaPdlLk=w1920-h1080\" src=\"\" alt=\"\" \/>\n  <img data-src=\"https:\/\/lh3.googleusercontent.com\/b5EYXw_CwJdqU8UYlRd2qY9SRoDxbFgcmJESBOuyLXwr7riUXFo9QS5mdF7-JGbxKXoulTTKbvegVNYOkfBc3y4moqvhL4DFsRxZYmaIzIme-h9eVifWuTY_gIpLOMfGetLZXU9A49o=w1920-h1080\" src=\"\" alt=\"\" \/>\n  <img data-src=\"https:\/\/lh3.googleusercontent.com\/TOwRNGjLIRzyn-zFtGGJdp0veHJ5h8MjmMTozbtxo-LxaPe7chiVxi8LhMRgXxriKy49Cu7nxhhzZMZ5j1ln6EZfXvdaKhHhaPIx5JMD0QWUitVry3f5KPM5sbDr31cftw8qL0JN5QU=w1920-h1080\" src=\"\" alt=\"\" \/>\n  <img data-src=\"https:\/\/lh3.googleusercontent.com\/sxnrePPYFFUxgy_OXuR-AN6VziAYp84Jzk-fijSu6zdyvZI1rvPDpwv26c8oonVPvRqkGiJU8IRNsdJIdAexOrUyrYOn99F2s8N2HlHrpKEgdednctj6JrvAXMAD8_RNsa5lOQuc7Yk=w1920-h1080\" src=\"\" alt=\"\" \/>\n<\/div>\n\n","protected":false},"excerpt":{"rendered":"<p>A lo largo de toda esta semana estamos realizando la celebraci\u00f3n del d\u00eda del libro. Para ello hemos preparado unos gigantescos \u00e1rboles donde el alumnado pone su hoja, un peque\u00f1o libro que es el que m\u00e1s le ha gustado.<\/p>\n","protected":false},"author":6,"featured_media":4221,"comment_status":"closed","ping_status":"closed","sticky":false,"template":"","format":"standard","meta":[],"categories":[1],"tags":[],"_links":{"self":[{"href":"https:\/\/cpcorella.educacion.navarra.es\/blogs\/wp-json\/wp\/v2\/posts\/4197"}],"collection":[{"href":"https:\/\/cpcorella.educacion.navarra.es\/blogs\/wp-json\/wp\/v2\/posts"}],"about":[{"href":"https:\/\/cpcorella.educacion.navarra.es\/blogs\/wp-json\/wp\/v2\/types\/post"}],"author":[{"embeddable":true,"href":"https:\/\/cpcorella.educacion.navarra.es\/blogs\/wp-json\/wp\/v2\/users\/6"}],"replies":[{"embeddable":true,"href":"https:\/\/cpcorella.educacion.navarra.es\/blogs\/wp-json\/wp\/v2\/comments?post=4197"}],"version-history":[{"count":2,"href":"https:\/\/cpcorella.educacion.navarra.es\/blogs\/wp-json\/wp\/v2\/posts\/4197\/revisions"}],"predecessor-version":[{"id":4220,"href":"https:\/\/cpcorella.educacion.navarra.es\/blogs\/wp-json\/wp\/v2\/posts\/4197\/revisions\/4220"}],"wp:featuredmedia":[{"embeddable":true,"href":"https:\/\/cpcorella.educacion.navarra.es\/blogs\/wp-json\/wp\/v2\/media\/4221"}],"wp:attachment":[{"href":"https:\/\/cpcorella.educacion.navarra.es\/blogs\/wp-json\/wp\/v2\/media?parent=4197"}],"wp:term":[{"taxonomy":"category","embeddable":true,"href":"https:\/\/cpcorella.educacion.navarra.es\/blogs\/wp-json\/wp\/v2\/categories?post=4197"},{"taxonomy":"post_tag","embeddable":true,"href":"https:\/\/cpcorella.educacion.navarra.es\/blogs\/wp-json\/wp\/v2\/tags?post=4197"}],"curies":[{"name":"wp","href":"https:\/\/api.w.org\/{rel}","templated":true}]}}