{"id":4185,"date":"2019-05-03T09:19:25","date_gmt":"2019-05-03T07:19:25","guid":{"rendered":"https:\/\/cpcorella.educacion.navarra.es\/blogs\/?p=4185"},"modified":"2019-05-03T09:34:42","modified_gmt":"2019-05-03T07:34:42","slug":"dia-de-la-naturaleza","status":"publish","type":"post","link":"https:\/\/cpcorella.educacion.navarra.es\/blogs\/blog\/2019\/05\/03\/dia-de-la-naturaleza\/","title":{"rendered":"D\u00cdA DE LA NATURALEZA"},"content":{"rendered":"\n<p>El pasado mi\u00e9rcoles 17 de abril, disfrutamos de un fant\u00e1stico d\u00eda en \u00abLa Estanca\u00bb.<\/p>\n\n\n\n<p>Acudimos todos los cursos de primaria y realizamos diversas actividades. Entre ellas un concurso de fotograf\u00eda realizado por el alumnado de sexto. Otras de las actividades realizadas fueron 12 talleres sobre la naturaleza guiados por Kike  y Eugenio (mil gracias a los dos).<\/p>\n\n\n\n<p>Adem\u00e1s, en colaboraci\u00f3n con la APYMA, se reparti\u00f3 chistorra entre todos los participantes y JOVIMAR OCHOA nos invito a la bebida. Muchas gracias a todos y todas. Pasamos una ma\u00f1ana muy divertida, entretenida y sobretodo educativa.<\/p>\n\n\n\n<figure class=\"wp-block-image\"><img loading=\"lazy\" width=\"591\" height=\"443\" src=\"https:\/\/cpcorella.educacion.navarra.es\/blogs\/wp-content\/uploads\/2019\/05\/foto_41030.jpg\" alt=\"\" class=\"wp-image-4186\" srcset=\"https:\/\/cpcorella.educacion.navarra.es\/blogs\/wp-content\/uploads\/2019\/05\/foto_41030.jpg 591w, https:\/\/cpcorella.educacion.navarra.es\/blogs\/wp-content\/uploads\/2019\/05\/foto_41030-300x225.jpg 300w\" sizes=\"(max-width: 591px) 100vw, 591px\" \/><\/figure>\n\n\n\n<figure class=\"wp-block-image\"><img loading=\"lazy\" width=\"1024\" height=\"768\" src=\"https:\/\/cpcorella.educacion.navarra.es\/blogs\/wp-content\/uploads\/2019\/05\/346c9b2f-535f-450f-aa2b-cfe295af4a1c-1024x768.jpg\" alt=\"\" class=\"wp-image-4191\" srcset=\"https:\/\/cpcorella.educacion.navarra.es\/blogs\/wp-content\/uploads\/2019\/05\/346c9b2f-535f-450f-aa2b-cfe295af4a1c-1024x768.jpg 1024w, https:\/\/cpcorella.educacion.navarra.es\/blogs\/wp-content\/uploads\/2019\/05\/346c9b2f-535f-450f-aa2b-cfe295af4a1c-300x225.jpg 300w, https:\/\/cpcorella.educacion.navarra.es\/blogs\/wp-content\/uploads\/2019\/05\/346c9b2f-535f-450f-aa2b-cfe295af4a1c-768x576.jpg 768w, https:\/\/cpcorella.educacion.navarra.es\/blogs\/wp-content\/uploads\/2019\/05\/346c9b2f-535f-450f-aa2b-cfe295af4a1c.jpg 1600w\" sizes=\"(max-width: 1024px) 100vw, 1024px\" \/><\/figure>\n","protected":false},"excerpt":{"rendered":"<p>El pasado mi\u00e9rcoles 17 de abril, disfrutamos de un fant\u00e1stico d\u00eda en \u00abLa Estanca\u00bb. Acudimos todos los cursos de primaria y realizamos diversas actividades. Entre ellas un concurso de fotograf\u00eda realizado por el alumnado de sexto. Otras de las actividades realizadas fueron 12 talleres sobre la naturaleza guiados por Kike y Eugenio (mil gracias a &hellip; <\/p>\n<p><a class=\"more-link btn\" href=\"https:\/\/cpcorella.educacion.navarra.es\/blogs\/blog\/2019\/05\/03\/dia-de-la-naturaleza\/\">Continue reading<\/a><\/p>\n","protected":false},"author":6,"featured_media":4191,"comment_status":"closed","ping_status":"closed","sticky":false,"template":"","format":"standard","meta":[],"categories":[1],"tags":[],"_links":{"self":[{"href":"https:\/\/cpcorella.educacion.navarra.es\/blogs\/wp-json\/wp\/v2\/posts\/4185"}],"collection":[{"href":"https:\/\/cpcorella.educacion.navarra.es\/blogs\/wp-json\/wp\/v2\/posts"}],"about":[{"href":"https:\/\/cpcorella.educacion.navarra.es\/blogs\/wp-json\/wp\/v2\/types\/post"}],"author":[{"embeddable":true,"href":"https:\/\/cpcorella.educacion.navarra.es\/blogs\/wp-json\/wp\/v2\/users\/6"}],"replies":[{"embeddable":true,"href":"https:\/\/cpcorella.educacion.navarra.es\/blogs\/wp-json\/wp\/v2\/comments?post=4185"}],"version-history":[{"count":2,"href":"https:\/\/cpcorella.educacion.navarra.es\/blogs\/wp-json\/wp\/v2\/posts\/4185\/revisions"}],"predecessor-version":[{"id":4192,"href":"https:\/\/cpcorella.educacion.navarra.es\/blogs\/wp-json\/wp\/v2\/posts\/4185\/revisions\/4192"}],"wp:featuredmedia":[{"embeddable":true,"href":"https:\/\/cpcorella.educacion.navarra.es\/blogs\/wp-json\/wp\/v2\/media\/4191"}],"wp:attachment":[{"href":"https:\/\/cpcorella.educacion.navarra.es\/blogs\/wp-json\/wp\/v2\/media?parent=4185"}],"wp:term":[{"taxonomy":"category","embeddable":true,"href":"https:\/\/cpcorella.educacion.navarra.es\/blogs\/wp-json\/wp\/v2\/categories?post=4185"},{"taxonomy":"post_tag","embeddable":true,"href":"https:\/\/cpcorella.educacion.navarra.es\/blogs\/wp-json\/wp\/v2\/tags?post=4185"}],"curies":[{"name":"wp","href":"https:\/\/api.w.org\/{rel}","templated":true}]}}