{"id":3983,"date":"2018-10-03T10:19:49","date_gmt":"2018-10-03T08:19:49","guid":{"rendered":"https:\/\/cpcorella.educacion.navarra.es\/blogs\/?p=3983"},"modified":"2018-10-03T10:24:04","modified_gmt":"2018-10-03T08:24:04","slug":"educacion-vial-5","status":"publish","type":"post","link":"https:\/\/cpcorella.educacion.navarra.es\/blogs\/blog\/2018\/10\/03\/educacion-vial-5\/","title":{"rendered":"EDUCACI\u00d3N VIAL"},"content":{"rendered":"<p>A lo largo de estos d\u00edas realizaremos las clases de Educaci\u00f3n Vial en colaboraci\u00f3n con la Polic\u00eda Foral.<\/p>\n<p>Atenci\u00f3n con las fechas. El alumnado de 2\u00ba, 4\u00ba y 6\u00ba deber\u00e1n acudir al centro el d\u00eda que le corresponde con bicicleta y casco.<\/p>\n<p><iframe loading=\"lazy\" src=\"https:\/\/docs.google.com\/document\/d\/e\/2PACX-1vTuGFEcPkEQXEOX4tmscxsJx0_cuWP6NPnMVkH-MK3iXWNX6B9zqaSO-k2g11USIehZLLggZcdM00zP\/pub?embedded=true&amp;headers=false\" width=\"550\" height=\"650\"><\/iframe><\/p>\n","protected":false},"excerpt":{"rendered":"<p>A lo largo de estos d\u00edas realizaremos las clases de Educaci\u00f3n Vial en colaboraci\u00f3n con la Polic\u00eda Foral. Atenci\u00f3n con las fechas. El alumnado de 2\u00ba, 4\u00ba y 6\u00ba deber\u00e1n acudir al centro el d\u00eda que le corresponde con bicicleta y casco.<\/p>\n","protected":false},"author":6,"featured_media":0,"comment_status":"closed","ping_status":"closed","sticky":false,"template":"","format":"standard","meta":[],"categories":[1],"tags":[],"_links":{"self":[{"href":"https:\/\/cpcorella.educacion.navarra.es\/blogs\/wp-json\/wp\/v2\/posts\/3983"}],"collection":[{"href":"https:\/\/cpcorella.educacion.navarra.es\/blogs\/wp-json\/wp\/v2\/posts"}],"about":[{"href":"https:\/\/cpcorella.educacion.navarra.es\/blogs\/wp-json\/wp\/v2\/types\/post"}],"author":[{"embeddable":true,"href":"https:\/\/cpcorella.educacion.navarra.es\/blogs\/wp-json\/wp\/v2\/users\/6"}],"replies":[{"embeddable":true,"href":"https:\/\/cpcorella.educacion.navarra.es\/blogs\/wp-json\/wp\/v2\/comments?post=3983"}],"version-history":[{"count":4,"href":"https:\/\/cpcorella.educacion.navarra.es\/blogs\/wp-json\/wp\/v2\/posts\/3983\/revisions"}],"predecessor-version":[{"id":3988,"href":"https:\/\/cpcorella.educacion.navarra.es\/blogs\/wp-json\/wp\/v2\/posts\/3983\/revisions\/3988"}],"wp:attachment":[{"href":"https:\/\/cpcorella.educacion.navarra.es\/blogs\/wp-json\/wp\/v2\/media?parent=3983"}],"wp:term":[{"taxonomy":"category","embeddable":true,"href":"https:\/\/cpcorella.educacion.navarra.es\/blogs\/wp-json\/wp\/v2\/categories?post=3983"},{"taxonomy":"post_tag","embeddable":true,"href":"https:\/\/cpcorella.educacion.navarra.es\/blogs\/wp-json\/wp\/v2\/tags?post=3983"}],"curies":[{"name":"wp","href":"https:\/\/api.w.org\/{rel}","templated":true}]}}