{"id":3790,"date":"2018-04-11T12:56:38","date_gmt":"2018-04-11T10:56:38","guid":{"rendered":"https:\/\/cpcorella.educacion.navarra.es\/blogs\/?p=3790"},"modified":"2018-04-11T12:56:38","modified_gmt":"2018-04-11T10:56:38","slug":"dia-del-libro","status":"publish","type":"post","link":"https:\/\/cpcorella.educacion.navarra.es\/blogs\/blog\/2018\/04\/11\/dia-del-libro\/","title":{"rendered":"D\u00cdA DEL LIBRO."},"content":{"rendered":"<p>Para el d\u00eda del libro, en este curso, hemos preparado un mont\u00f3n de actividades.<\/p>\n<p>Os avanzamos el cuadrante de infantil y 1\u00ba bloque.<\/p>\n<table width=\"0\">\n<tbody>\n<tr>\n<td width=\"189\"><strong>CURSO<\/strong><\/td>\n<td width=\"189\"><strong>T\u00cdTULO<\/strong><\/td>\n<td width=\"558\"><strong>D\u00cdA Y SESION<\/strong><\/td>\n<\/tr>\n<tr>\n<td width=\"189\"><strong>1\u00ba A LUIIS CON 3 A\u00d1OS C<\/strong><\/td>\n<td width=\"189\"><strong>LA GALLINITA ROJA.<\/strong><\/td>\n<td width=\"558\"><strong>VIERNES 27 DE ABRIL. 3\u00aa SESI\u00d3N DE 11:10 A 12:05.<\/strong><\/p>\n<p><strong>LUGAR: PECERA.<\/strong><\/td>\n<\/tr>\n<tr>\n<td width=\"189\"><strong>1\u00ba B ODEI CON 3 A\u00d1OS A<\/strong><\/td>\n<td width=\"189\"><strong>LOS TRES CERDITOS.<\/strong><\/td>\n<td width=\"558\"><strong>JUEVES 26 DE ABRIL. DOS PRIMERAS SESIONES. DE 9:00 A 10:50.<\/strong><\/p>\n<p><strong>LUGAR: PSICOMOTRICIDAD.<\/strong><\/td>\n<\/tr>\n<tr>\n<td width=\"189\"><strong>1\u00ba C M\u00d3NICA CON 3 A\u00d1OS B<\/strong><\/td>\n<td width=\"189\"><strong>LOS SIETE CABRITILLOS.<\/strong><\/td>\n<td width=\"558\"><strong>MARTES 24 DE ABRIL. DOS PRIMERAS SESIONES. DE 9:00 A 10:50.<\/strong><\/p>\n<p><strong>LUGAR: PSICOMOTRICIDAD.<\/strong><\/td>\n<\/tr>\n<tr>\n<td width=\"189\"><strong>1\u00ba D ADRIANA CON 4 A\u00d1OS C Y D.<\/strong><\/td>\n<td width=\"189\"><strong>LA CASITA DE CHOCHOLATE.<\/strong><\/td>\n<td width=\"558\"><strong>MI\u00c9RCOLES 25 DE ABRIL. DOS PRIMERAS SESIONES. DE 9:00 A 10:50.<\/strong><\/p>\n<p><strong>LUGAR: PSICOMOTRICIDAD.<\/strong><\/td>\n<\/tr>\n<tr>\n<td width=\"189\"><strong>2\u00ba A ANA LUISA CON 4 A\u00d1OS A Y B.<\/strong><\/td>\n<td width=\"189\"><strong>EL PATITO FEO.<\/strong><\/td>\n<td width=\"558\"><strong>MARTES 24 DE ABRIL. DOS PRIMERAS SESIONES. DE 9:00 A 10:50.<\/strong><\/p>\n<p><strong>LUGAR: BIBLIOTECA INFANTIL.<\/strong><\/td>\n<\/tr>\n<tr>\n<td width=\"189\"><strong>2\u00ba B NEREA CON 5 A\u00d1OS C<\/strong><\/td>\n<td width=\"189\"><strong>EL GATO CON BOTAS.<\/strong><\/td>\n<td width=\"558\"><strong>VIERNES 27 DE ABRIL. CUARTA SESI\u00d3N DE 12:05 A 13:00. <\/strong><\/p>\n<p><strong>LUGAR: SAL\u00d3N DE ACTOS PRIMARIA.<\/strong><\/td>\n<\/tr>\n<tr>\n<td width=\"189\"><strong>2\u00ba C MAMEN CON 5 A\u00d1OS A<\/strong><\/td>\n<td width=\"189\"><strong>PINOCHO.<\/strong><\/td>\n<td width=\"558\"><strong>MI\u00c9RCOLES 25 DE ABRIL. DOS PRIMERAS SESIONES. DE 9:00 A 10:50.<\/strong><\/p>\n<p><strong>LUGAR: BIBLIOTECA INFANTIL.<\/strong><\/td>\n<\/tr>\n<tr>\n<td width=\"189\"><strong>2\u00baD SARA CON 5 A\u00d1OS B<\/strong><\/td>\n<td width=\"189\"><strong>PETER PAN.<\/strong><\/td>\n<td width=\"558\"><strong>JUEVES 26 DE ABRIL. DOS PRIMERAS SESIONES. DE 9:00 A 10:50.<\/strong><\/p>\n<p><strong>LUGAR: BIBLIOTECA INFANTIL.<\/strong><\/td>\n<\/tr>\n<\/tbody>\n<\/table>\n","protected":false},"excerpt":{"rendered":"<p>Para el d\u00eda del libro, en este curso, hemos preparado un mont\u00f3n de actividades. Os avanzamos el cuadrante de infantil y 1\u00ba bloque. CURSO T\u00cdTULO D\u00cdA Y SESION 1\u00ba A LUIIS CON 3 A\u00d1OS C LA GALLINITA ROJA. VIERNES 27 DE ABRIL. 3\u00aa SESI\u00d3N DE 11:10 A 12:05. LUGAR: PECERA. 1\u00ba B ODEI CON 3 &hellip; <\/p>\n<p><a class=\"more-link btn\" href=\"https:\/\/cpcorella.educacion.navarra.es\/blogs\/blog\/2018\/04\/11\/dia-del-libro\/\">Continue reading<\/a><\/p>\n","protected":false},"author":6,"featured_media":0,"comment_status":"closed","ping_status":"closed","sticky":false,"template":"","format":"standard","meta":[],"categories":[1],"tags":[],"_links":{"self":[{"href":"https:\/\/cpcorella.educacion.navarra.es\/blogs\/wp-json\/wp\/v2\/posts\/3790"}],"collection":[{"href":"https:\/\/cpcorella.educacion.navarra.es\/blogs\/wp-json\/wp\/v2\/posts"}],"about":[{"href":"https:\/\/cpcorella.educacion.navarra.es\/blogs\/wp-json\/wp\/v2\/types\/post"}],"author":[{"embeddable":true,"href":"https:\/\/cpcorella.educacion.navarra.es\/blogs\/wp-json\/wp\/v2\/users\/6"}],"replies":[{"embeddable":true,"href":"https:\/\/cpcorella.educacion.navarra.es\/blogs\/wp-json\/wp\/v2\/comments?post=3790"}],"version-history":[{"count":1,"href":"https:\/\/cpcorella.educacion.navarra.es\/blogs\/wp-json\/wp\/v2\/posts\/3790\/revisions"}],"predecessor-version":[{"id":3791,"href":"https:\/\/cpcorella.educacion.navarra.es\/blogs\/wp-json\/wp\/v2\/posts\/3790\/revisions\/3791"}],"wp:attachment":[{"href":"https:\/\/cpcorella.educacion.navarra.es\/blogs\/wp-json\/wp\/v2\/media?parent=3790"}],"wp:term":[{"taxonomy":"category","embeddable":true,"href":"https:\/\/cpcorella.educacion.navarra.es\/blogs\/wp-json\/wp\/v2\/categories?post=3790"},{"taxonomy":"post_tag","embeddable":true,"href":"https:\/\/cpcorella.educacion.navarra.es\/blogs\/wp-json\/wp\/v2\/tags?post=3790"}],"curies":[{"name":"wp","href":"https:\/\/api.w.org\/{rel}","templated":true}]}}