{"id":3648,"date":"2018-01-16T22:04:35","date_gmt":"2018-01-16T21:04:35","guid":{"rendered":"https:\/\/cpcorella.educacion.navarra.es\/blogs\/?p=3648"},"modified":"2018-01-22T10:31:38","modified_gmt":"2018-01-22T09:31:38","slug":"dia-de-la-paz-4","status":"publish","type":"post","link":"https:\/\/cpcorella.educacion.navarra.es\/blogs\/blog\/2018\/01\/16\/dia-de-la-paz-4\/","title":{"rendered":"D\u00cdA DE LA PAZ"},"content":{"rendered":"<p><strong>Con motivo de la celebraci\u00f3n del D\u00cdA DE LA PAZ la semana del 22 al 29 de Enero, con la colaboraci\u00f3n de APYMA,\u00a0 realizaremos la actividad BOCATA SOLIDARIO.<\/strong><\/p>\n<p><strong>Este a\u00f1o vamos a realizar nuestra colaboraci\u00f3n con ADANO.\u00a0 <em>Adano<\/em>\u00a0es la Asociaci\u00f3n de ayuda a Ni\u00f1os con C\u00e1ncer de Navarra. Contribuyen a mejorar la calidad de vida de los ni\u00f1os y sus familias.<\/strong><\/p>\n<p><strong>Se instalar\u00e1n unas huchas en cada clase. A cambio el d\u00eda 30 de Enero los ni\u00f1@s participantes recibir\u00e1n un bocadillo. No os pedimos una cantidad exacta de dinero, aunque estar\u00eda bien un euro, pero sabemos que cada un@ aportar\u00e1 lo que pueda.<\/strong><\/p>\n<p>MUCHAS GRACIAS.<img loading=\"lazy\" class=\"alignnone size-medium\" src=\"https:\/\/1.bp.blogspot.com\/-uQ_JQsCE6k8\/Wck-X-5pwnI\/AAAAAAAAFwk\/hJRFhtN9k1kVfzy1V2GaSbGLYkW4q_8tQCLcBGAs\/s640\/adano.jpg\" width=\"357\" height=\"141\" \/><\/p>\n<p><a href=\"https:\/\/youtu.be\/nS_ElYEY72s\" target=\"_blank\" rel=\"noopener\">Las manos del mundo ( Andy &amp; Lucas)<\/a><\/p>\n<p>&nbsp;<\/p>\n","protected":false},"excerpt":{"rendered":"<p>Con motivo de la celebraci\u00f3n del D\u00cdA DE LA PAZ la semana del 22 al 29 de Enero, con la colaboraci\u00f3n de APYMA,\u00a0 realizaremos la actividad BOCATA SOLIDARIO. Este a\u00f1o vamos a realizar nuestra colaboraci\u00f3n con ADANO.\u00a0 Adano\u00a0es la Asociaci\u00f3n de ayuda a Ni\u00f1os con C\u00e1ncer de Navarra. Contribuyen a mejorar la calidad de vida &hellip; <\/p>\n<p><a class=\"more-link btn\" href=\"https:\/\/cpcorella.educacion.navarra.es\/blogs\/blog\/2018\/01\/16\/dia-de-la-paz-4\/\">Continue reading<\/a><\/p>\n","protected":false},"author":6,"featured_media":0,"comment_status":"closed","ping_status":"closed","sticky":false,"template":"","format":"standard","meta":[],"categories":[1],"tags":[],"_links":{"self":[{"href":"https:\/\/cpcorella.educacion.navarra.es\/blogs\/wp-json\/wp\/v2\/posts\/3648"}],"collection":[{"href":"https:\/\/cpcorella.educacion.navarra.es\/blogs\/wp-json\/wp\/v2\/posts"}],"about":[{"href":"https:\/\/cpcorella.educacion.navarra.es\/blogs\/wp-json\/wp\/v2\/types\/post"}],"author":[{"embeddable":true,"href":"https:\/\/cpcorella.educacion.navarra.es\/blogs\/wp-json\/wp\/v2\/users\/6"}],"replies":[{"embeddable":true,"href":"https:\/\/cpcorella.educacion.navarra.es\/blogs\/wp-json\/wp\/v2\/comments?post=3648"}],"version-history":[{"count":3,"href":"https:\/\/cpcorella.educacion.navarra.es\/blogs\/wp-json\/wp\/v2\/posts\/3648\/revisions"}],"predecessor-version":[{"id":3671,"href":"https:\/\/cpcorella.educacion.navarra.es\/blogs\/wp-json\/wp\/v2\/posts\/3648\/revisions\/3671"}],"wp:attachment":[{"href":"https:\/\/cpcorella.educacion.navarra.es\/blogs\/wp-json\/wp\/v2\/media?parent=3648"}],"wp:term":[{"taxonomy":"category","embeddable":true,"href":"https:\/\/cpcorella.educacion.navarra.es\/blogs\/wp-json\/wp\/v2\/categories?post=3648"},{"taxonomy":"post_tag","embeddable":true,"href":"https:\/\/cpcorella.educacion.navarra.es\/blogs\/wp-json\/wp\/v2\/tags?post=3648"}],"curies":[{"name":"wp","href":"https:\/\/api.w.org\/{rel}","templated":true}]}}