{"id":3622,"date":"2017-11-03T10:30:18","date_gmt":"2017-11-03T09:30:18","guid":{"rendered":"https:\/\/cpcorella.educacion.navarra.es\/blogs\/?p=3622"},"modified":"2017-11-03T10:30:42","modified_gmt":"2017-11-03T09:30:42","slug":"3622","status":"publish","type":"post","link":"https:\/\/cpcorella.educacion.navarra.es\/blogs\/blog\/2017\/11\/03\/3622\/","title":{"rendered":"CORELLA TIERRA SALVAJE"},"content":{"rendered":"<p>El pr\u00f3ximo d\u00eda 3 de noviembre a las 20:00 en el Centro Cultural tendr\u00e1 lugar la presentaci\u00f3n del libro \u201cCorella, Tierra Salvaje\u201d.<br \/>\nSe trata de una publicaci\u00f3n con m\u00e1s de 1000 fotograf\u00edas realizadas a m\u00e1s de 100 especies a trav\u00e9s de un exhaustivo trabajo de campo. Y que suponen una selecci\u00f3n de las miles y miles de im\u00e1genes realizadas por del Servicio de Rastreo Forestal durante meses de investigaci\u00f3n.<br \/>\nDesde el d\u00eda 27\/10\/2017 y hasta el 16\/11\/2017 permancer\u00e1 abierta la exposici\u00f3n \u201cCorella, tierra salvaje, para\u00edso de los rastros\u201d en horario de 17:00 a 21:00 horas (d\u00edas laborables).<\/p>\n<p>Desde el colegio queremos felicitar a Kike por este fabuloso trabajo. Enhorabuena.<\/p>\n<div class=\"embed-container\">\n<div id=\"fb-root\"><\/div>\n<p><script>(function(d, s, id) {  var js, fjs = d.getElementsByTagName(s)[0];  if (d.getElementById(id)) return;  js = d.createElement(s); js.id = id;  js.src = 'https:\/\/connect.facebook.net\/es_ES\/sdk.js#xfbml=1&version=v2.10';  fjs.parentNode.insertBefore(js, fjs);}(document, 'script', 'facebook-jssdk'));<\/script><\/p>\n<div class=\"fb-post\" data-href=\"https:\/\/www.facebook.com\/ayuntamientocorella\/photos\/a.405185113008163.1073741828.404962026363805\/778857138974290\/?type=3\" data-width=\"555\">\n<blockquote cite=\"https:\/\/www.facebook.com\/ayuntamientocorella\/posts\/778857138974290:0\" class=\"fb-xfbml-parse-ignore\">\n<p>Exposici&#xf3;n Corella Tierra Salvaje<\/p>\n<p>Publicado por <a href=\"https:\/\/www.facebook.com\/ayuntamientocorella\/\">Ayuntamiento de Corella<\/a> en&nbsp;<a href=\"https:\/\/www.facebook.com\/ayuntamientocorella\/posts\/778857138974290:0\">Jueves, 2 de noviembre de 2017<\/a><\/p><\/blockquote>\n<\/div>\n<\/div>\n","protected":false},"excerpt":{"rendered":"<p>El pr\u00f3ximo d\u00eda 3 de noviembre a las 20:00 en el Centro Cultural tendr\u00e1 lugar la presentaci\u00f3n del libro \u201cCorella, Tierra Salvaje\u201d. Se trata de una publicaci\u00f3n con m\u00e1s de 1000 fotograf\u00edas realizadas a m\u00e1s de 100 especies a trav\u00e9s de un exhaustivo trabajo de campo. Y que suponen una selecci\u00f3n de las miles y &hellip; <\/p>\n<p><a class=\"more-link btn\" href=\"https:\/\/cpcorella.educacion.navarra.es\/blogs\/blog\/2017\/11\/03\/3622\/\">Continue reading<\/a><\/p>\n","protected":false},"author":6,"featured_media":0,"comment_status":"closed","ping_status":"closed","sticky":false,"template":"","format":"standard","meta":[],"categories":[1],"tags":[],"_links":{"self":[{"href":"https:\/\/cpcorella.educacion.navarra.es\/blogs\/wp-json\/wp\/v2\/posts\/3622"}],"collection":[{"href":"https:\/\/cpcorella.educacion.navarra.es\/blogs\/wp-json\/wp\/v2\/posts"}],"about":[{"href":"https:\/\/cpcorella.educacion.navarra.es\/blogs\/wp-json\/wp\/v2\/types\/post"}],"author":[{"embeddable":true,"href":"https:\/\/cpcorella.educacion.navarra.es\/blogs\/wp-json\/wp\/v2\/users\/6"}],"replies":[{"embeddable":true,"href":"https:\/\/cpcorella.educacion.navarra.es\/blogs\/wp-json\/wp\/v2\/comments?post=3622"}],"version-history":[{"count":2,"href":"https:\/\/cpcorella.educacion.navarra.es\/blogs\/wp-json\/wp\/v2\/posts\/3622\/revisions"}],"predecessor-version":[{"id":3624,"href":"https:\/\/cpcorella.educacion.navarra.es\/blogs\/wp-json\/wp\/v2\/posts\/3622\/revisions\/3624"}],"wp:attachment":[{"href":"https:\/\/cpcorella.educacion.navarra.es\/blogs\/wp-json\/wp\/v2\/media?parent=3622"}],"wp:term":[{"taxonomy":"category","embeddable":true,"href":"https:\/\/cpcorella.educacion.navarra.es\/blogs\/wp-json\/wp\/v2\/categories?post=3622"},{"taxonomy":"post_tag","embeddable":true,"href":"https:\/\/cpcorella.educacion.navarra.es\/blogs\/wp-json\/wp\/v2\/tags?post=3622"}],"curies":[{"name":"wp","href":"https:\/\/api.w.org\/{rel}","templated":true}]}}