{"id":3377,"date":"2017-04-24T11:39:13","date_gmt":"2017-04-24T09:39:13","guid":{"rendered":"http:\/\/cpcorella.educacion.navarra.es\/blogs\/?p=3377"},"modified":"2017-05-02T11:13:39","modified_gmt":"2017-05-02T09:13:39","slug":"carrera-solidaria","status":"publish","type":"post","link":"https:\/\/cpcorella.educacion.navarra.es\/blogs\/blog\/2017\/04\/24\/carrera-solidaria\/","title":{"rendered":"CARRERA SOLIDARIA"},"content":{"rendered":"<p>FECHA: VIERNES 28-04-2017, <strong><u>salida 12:30<\/u><\/strong> desde la Plaza del Ayuntamiento.<\/p>\n<p>Como objetivo solidario para este trimestre, desde el Centro Escolar vamos a colaborar con la ONG \u201cSAVE THE CHILDREN\u201d en la organizaci\u00f3n de <strong><u>una carrera solidaria<\/u><\/strong> en la que queremos que participen todos nuestros alumn@s.<\/p>\n<p>La organizaci\u00f3n entregar\u00e1 a los alumnos <strong><em>un dorsal<\/em><\/strong> a cambio de una peque\u00f1a aportaci\u00f3n econ\u00f3mica (por ejemplo 1 \u20ac) que se recoger\u00e1 \u00a0en una hucha dispuesta en cada clase y que se retirar\u00e1n de las aulas el viernes 28 a las 9:30 h.<\/p>\n<p>Una vez finalizada la carrera, nos desplazaremos al parque para obsequiar a los participantes con un refresco y un aperitivo. A las 13:45 h podr\u00e9is recoger a vuestros hij@s \u00a0en el edificio antiguo de correos.<\/p>\n<p>Los alumn@s de comedor subir\u00e1n al centro con las cuidadoras. El comedor funcionar\u00e1 ese viernes hasta las 15:30 h.<\/p>\n<p><strong>\u00a1OS ESPERAMOS EN LA CARRERA PARA QUE\u00a0 ANIM\u00c9IS A ESTOS CAMPEONES DE LA SOLIDARIDAD!<\/strong><\/p>\n<p><em>Si es posible, ese d\u00eda, el alumnado acudir\u00e1 al centro con una camiseta blanca.<\/em><\/p>\n<p>MUCHAS GRACIAS A NUESTROS COLABORADORES:<\/p>\n<p><img loading=\"lazy\" class=\"size-full wp-image-3385 alignleft\" src=\"http:\/\/cpcorella.educacion.navarra.es\/blogs\/wp-content\/uploads\/2017\/04\/JOVIMAR.jpg\" alt=\"\" width=\"128\" height=\"75\" \/><img loading=\"lazy\" class=\"size-medium wp-image-3386 alignleft\" src=\"http:\/\/cpcorella.educacion.navarra.es\/blogs\/wp-content\/uploads\/2017\/04\/logo-aspil-300x114.png\" alt=\"\" width=\"128\" height=\"75\" \/><\/p>\n<p>&nbsp;<\/p>\n<p>&nbsp;<\/p>\n<p>&nbsp;<\/p>\n<p>&nbsp;<\/p>\n<p>Toda la informaci\u00f3n del proyecto se encuentra en el siguiente enlace. MUCHAS GRACIAS POR VUESTRA COLABORACI\u00d3N.<\/p>\n<p><a href=\"https:\/\/www.savethechildren.es\/kilometros-de-solidaridad\"><img loading=\"lazy\" class=\"aligncenter size-full wp-image-3382\" src=\"http:\/\/cpcorella.educacion.navarra.es\/blogs\/wp-content\/uploads\/2017\/04\/logo-1.png\" alt=\"\" width=\"209\" height=\"42\" \/><\/a><br \/>\n<iframe loading=\"lazy\" src=\"https:\/\/www.youtube.com\/embed\/5JlV4niyrjQ\" width=\"560\" height=\"315\" frameborder=\"0\" allowfullscreen=\"allowfullscreen\"><\/iframe><\/p>\n<div class=\"embed-container\"><iframe loading=\"lazy\" title=\"CARRERA SOLIDARIA-CP JOS\u00c9 LUIS ARRESE 2017\" width=\"555\" height=\"416\" src=\"https:\/\/www.youtube.com\/embed\/xfDv6hdVZGc?feature=oembed\" frameborder=\"0\" allow=\"accelerometer; autoplay; encrypted-media; gyroscope; picture-in-picture\" allowfullscreen><\/iframe><\/div>\n","protected":false},"excerpt":{"rendered":"<p>FECHA: VIERNES 28-04-2017, salida 12:30 desde la Plaza del Ayuntamiento. Como objetivo solidario para este trimestre, desde el Centro Escolar vamos a colaborar con la ONG \u201cSAVE THE CHILDREN\u201d en la organizaci\u00f3n de una carrera solidaria en la que queremos que participen todos nuestros alumn@s. La organizaci\u00f3n entregar\u00e1 a los alumnos un dorsal a cambio &hellip; <\/p>\n<p><a class=\"more-link btn\" href=\"https:\/\/cpcorella.educacion.navarra.es\/blogs\/blog\/2017\/04\/24\/carrera-solidaria\/\">Continue reading<\/a><\/p>\n","protected":false},"author":6,"featured_media":0,"comment_status":"closed","ping_status":"closed","sticky":false,"template":"","format":"standard","meta":[],"categories":[1],"tags":[],"_links":{"self":[{"href":"https:\/\/cpcorella.educacion.navarra.es\/blogs\/wp-json\/wp\/v2\/posts\/3377"}],"collection":[{"href":"https:\/\/cpcorella.educacion.navarra.es\/blogs\/wp-json\/wp\/v2\/posts"}],"about":[{"href":"https:\/\/cpcorella.educacion.navarra.es\/blogs\/wp-json\/wp\/v2\/types\/post"}],"author":[{"embeddable":true,"href":"https:\/\/cpcorella.educacion.navarra.es\/blogs\/wp-json\/wp\/v2\/users\/6"}],"replies":[{"embeddable":true,"href":"https:\/\/cpcorella.educacion.navarra.es\/blogs\/wp-json\/wp\/v2\/comments?post=3377"}],"version-history":[{"count":8,"href":"https:\/\/cpcorella.educacion.navarra.es\/blogs\/wp-json\/wp\/v2\/posts\/3377\/revisions"}],"predecessor-version":[{"id":3383,"href":"https:\/\/cpcorella.educacion.navarra.es\/blogs\/wp-json\/wp\/v2\/posts\/3377\/revisions\/3383"}],"wp:attachment":[{"href":"https:\/\/cpcorella.educacion.navarra.es\/blogs\/wp-json\/wp\/v2\/media?parent=3377"}],"wp:term":[{"taxonomy":"category","embeddable":true,"href":"https:\/\/cpcorella.educacion.navarra.es\/blogs\/wp-json\/wp\/v2\/categories?post=3377"},{"taxonomy":"post_tag","embeddable":true,"href":"https:\/\/cpcorella.educacion.navarra.es\/blogs\/wp-json\/wp\/v2\/tags?post=3377"}],"curies":[{"name":"wp","href":"https:\/\/api.w.org\/{rel}","templated":true}]}}