{"id":3150,"date":"2016-10-28T09:55:17","date_gmt":"2016-10-28T07:55:17","guid":{"rendered":"http:\/\/cpcorella.educacion.navarra.es\/blogs\/?p=3150"},"modified":"2016-10-28T10:02:03","modified_gmt":"2016-10-28T08:02:03","slug":"visita-aspil-vidal-ribera-navarra","status":"publish","type":"post","link":"https:\/\/cpcorella.educacion.navarra.es\/blogs\/blog\/2016\/10\/28\/visita-aspil-vidal-ribera-navarra\/","title":{"rendered":"VISITA ASPIL VIDAL RIBERA NAVARRA"},"content":{"rendered":"<p>El pasado mi\u00e9rcoles, nos visit\u00f3 el equipo de F\u00fatbol Sala de 1\u00aa divisi\u00f3n \u00abASPIL VIDAL RIBERA DE NAVARRA\u00bb.<\/p>\n<p>Pasaron una gran ma\u00f1ana con nuestros alumnos y alumnas de 3\u00ba. Les dieron una clase magistral sobre este deporte, pero lo m\u00e1s importante es la alegr\u00eda que repartieron. No pararon de sonre\u00edr y de atender a todos los ni\u00f1os y ni\u00f1as.<\/p>\n<p>Pasamos una gran ma\u00f1ana. Muchas gracias equipo. Os esperamos el pr\u00f3ximo curso.<\/p>\n<p><img loading=\"lazy\" class=\"aligncenter size-medium wp-image-3151\" src=\"http:\/\/cpcorella.educacion.navarra.es\/blogs\/wp-content\/uploads\/2016\/10\/DSC_0234-300x169.jpg\" alt=\"dsc_0234\" width=\"300\" height=\"169\" srcset=\"https:\/\/cpcorella.educacion.navarra.es\/blogs\/wp-content\/uploads\/2016\/10\/DSC_0234-300x169.jpg 300w, https:\/\/cpcorella.educacion.navarra.es\/blogs\/wp-content\/uploads\/2016\/10\/DSC_0234-768x432.jpg 768w, https:\/\/cpcorella.educacion.navarra.es\/blogs\/wp-content\/uploads\/2016\/10\/DSC_0234-1024x576.jpg 1024w\" sizes=\"(max-width: 300px) 100vw, 300px\" \/><\/p>\n","protected":false},"excerpt":{"rendered":"<p>El pasado mi\u00e9rcoles, nos visit\u00f3 el equipo de F\u00fatbol Sala de 1\u00aa divisi\u00f3n \u00abASPIL VIDAL RIBERA DE NAVARRA\u00bb. Pasaron una gran ma\u00f1ana con nuestros alumnos y alumnas de 3\u00ba. Les dieron una clase magistral sobre este deporte, pero lo m\u00e1s importante es la alegr\u00eda que repartieron. No pararon de sonre\u00edr y de atender a todos &hellip; <\/p>\n<p><a class=\"more-link btn\" href=\"https:\/\/cpcorella.educacion.navarra.es\/blogs\/blog\/2016\/10\/28\/visita-aspil-vidal-ribera-navarra\/\">Continue reading<\/a><\/p>\n","protected":false},"author":6,"featured_media":3151,"comment_status":"closed","ping_status":"closed","sticky":false,"template":"","format":"standard","meta":[],"categories":[1],"tags":[],"_links":{"self":[{"href":"https:\/\/cpcorella.educacion.navarra.es\/blogs\/wp-json\/wp\/v2\/posts\/3150"}],"collection":[{"href":"https:\/\/cpcorella.educacion.navarra.es\/blogs\/wp-json\/wp\/v2\/posts"}],"about":[{"href":"https:\/\/cpcorella.educacion.navarra.es\/blogs\/wp-json\/wp\/v2\/types\/post"}],"author":[{"embeddable":true,"href":"https:\/\/cpcorella.educacion.navarra.es\/blogs\/wp-json\/wp\/v2\/users\/6"}],"replies":[{"embeddable":true,"href":"https:\/\/cpcorella.educacion.navarra.es\/blogs\/wp-json\/wp\/v2\/comments?post=3150"}],"version-history":[{"count":2,"href":"https:\/\/cpcorella.educacion.navarra.es\/blogs\/wp-json\/wp\/v2\/posts\/3150\/revisions"}],"predecessor-version":[{"id":3153,"href":"https:\/\/cpcorella.educacion.navarra.es\/blogs\/wp-json\/wp\/v2\/posts\/3150\/revisions\/3153"}],"wp:featuredmedia":[{"embeddable":true,"href":"https:\/\/cpcorella.educacion.navarra.es\/blogs\/wp-json\/wp\/v2\/media\/3151"}],"wp:attachment":[{"href":"https:\/\/cpcorella.educacion.navarra.es\/blogs\/wp-json\/wp\/v2\/media?parent=3150"}],"wp:term":[{"taxonomy":"category","embeddable":true,"href":"https:\/\/cpcorella.educacion.navarra.es\/blogs\/wp-json\/wp\/v2\/categories?post=3150"},{"taxonomy":"post_tag","embeddable":true,"href":"https:\/\/cpcorella.educacion.navarra.es\/blogs\/wp-json\/wp\/v2\/tags?post=3150"}],"curies":[{"name":"wp","href":"https:\/\/api.w.org\/{rel}","templated":true}]}}