{"id":3113,"date":"2016-10-20T09:20:22","date_gmt":"2016-10-20T07:20:22","guid":{"rendered":"http:\/\/cpcorella.educacion.navarra.es\/blogs\/?p=3113"},"modified":"2016-10-20T09:21:16","modified_gmt":"2016-10-20T07:21:16","slug":"educacion-vial-3","status":"publish","type":"post","link":"https:\/\/cpcorella.educacion.navarra.es\/blogs\/blog\/2016\/10\/20\/educacion-vial-3\/","title":{"rendered":"EDUCACI\u00d3N VIAL"},"content":{"rendered":"<p>A lo largo de esta pasada semana hemos disfrutado de la compa\u00f1\u00eda de cinco agentes de la Polic\u00eda Foral. Estos nos han ense\u00f1ado las normas de tr\u00e1fico y nos han impartido clases de Educaci\u00f3n Vial<\/p>\n<p>Los agente de la Policia Foral \u00a0impartieron la &#8216;Semana de la Educaci\u00f3n Vial&#8217; \u00a0del 13 \u00a0al 21 de octubre. Las jornadas estaban divididas en talleres, charlas y una pista de bicis,\u00a0donde los alumnos de 2\u00ba, 4\u00ba y 6\u00ba\u00a0pudieron poner a prueba sus conocimientos sobre normas y se\u00f1ales. Nuestro benjamines de infantil disfrutaron de un paseo en el coche de tr\u00e1fico, lo que m\u00e1s les gusto \u00abPONER LA SIRENA\u00bb<\/p>\n<p style=\"text-align: center;\"><a href=\"http:\/\/cpcorella.educacion.navarra.es\/blogs\/wp-content\/uploads\/2013\/11\/IMG_20131030_113952.jpg\"><img loading=\"lazy\" class=\" wp-image-1947 aligncenter\" src=\"http:\/\/cpcorella.educacion.navarra.es\/blogs\/wp-content\/uploads\/2013\/11\/IMG_20131030_113952.jpg\" alt=\"IMG_20131030_113952\" width=\"286\" height=\"229\" \/><\/a><\/p>\n<p>LA RESPUESTA A IR AL COLE EN BICI HA SIDO IMPRESIONANTE.<\/p>\n<p>Desde el centro dar las gracias a los agentes que tan amablemente nos han atendido y decirles que los esperamos el pr\u00f3ximo curso. MUCHAS GRACIAS.<\/p>\n","protected":false},"excerpt":{"rendered":"<p>A lo largo de esta pasada semana hemos disfrutado de la compa\u00f1\u00eda de cinco agentes de la Polic\u00eda Foral. Estos nos han ense\u00f1ado las normas de tr\u00e1fico y nos han impartido clases de Educaci\u00f3n Vial Los agente de la Policia Foral \u00a0impartieron la &#8216;Semana de la Educaci\u00f3n Vial&#8217; \u00a0del 13 \u00a0al 21 de octubre. Las &hellip; <\/p>\n<p><a class=\"more-link btn\" href=\"https:\/\/cpcorella.educacion.navarra.es\/blogs\/blog\/2016\/10\/20\/educacion-vial-3\/\">Continue reading<\/a><\/p>\n","protected":false},"author":6,"featured_media":1947,"comment_status":"closed","ping_status":"closed","sticky":false,"template":"","format":"standard","meta":[],"categories":[1],"tags":[],"_links":{"self":[{"href":"https:\/\/cpcorella.educacion.navarra.es\/blogs\/wp-json\/wp\/v2\/posts\/3113"}],"collection":[{"href":"https:\/\/cpcorella.educacion.navarra.es\/blogs\/wp-json\/wp\/v2\/posts"}],"about":[{"href":"https:\/\/cpcorella.educacion.navarra.es\/blogs\/wp-json\/wp\/v2\/types\/post"}],"author":[{"embeddable":true,"href":"https:\/\/cpcorella.educacion.navarra.es\/blogs\/wp-json\/wp\/v2\/users\/6"}],"replies":[{"embeddable":true,"href":"https:\/\/cpcorella.educacion.navarra.es\/blogs\/wp-json\/wp\/v2\/comments?post=3113"}],"version-history":[{"count":1,"href":"https:\/\/cpcorella.educacion.navarra.es\/blogs\/wp-json\/wp\/v2\/posts\/3113\/revisions"}],"predecessor-version":[{"id":3114,"href":"https:\/\/cpcorella.educacion.navarra.es\/blogs\/wp-json\/wp\/v2\/posts\/3113\/revisions\/3114"}],"wp:featuredmedia":[{"embeddable":true,"href":"https:\/\/cpcorella.educacion.navarra.es\/blogs\/wp-json\/wp\/v2\/media\/1947"}],"wp:attachment":[{"href":"https:\/\/cpcorella.educacion.navarra.es\/blogs\/wp-json\/wp\/v2\/media?parent=3113"}],"wp:term":[{"taxonomy":"category","embeddable":true,"href":"https:\/\/cpcorella.educacion.navarra.es\/blogs\/wp-json\/wp\/v2\/categories?post=3113"},{"taxonomy":"post_tag","embeddable":true,"href":"https:\/\/cpcorella.educacion.navarra.es\/blogs\/wp-json\/wp\/v2\/tags?post=3113"}],"curies":[{"name":"wp","href":"https:\/\/api.w.org\/{rel}","templated":true}]}}