{"id":3109,"date":"2016-10-20T09:14:55","date_gmt":"2016-10-20T07:14:55","guid":{"rendered":"http:\/\/cpcorella.educacion.navarra.es\/blogs\/?p=3109"},"modified":"2016-10-20T09:14:55","modified_gmt":"2016-10-20T07:14:55","slug":"blas-de-laserna","status":"publish","type":"post","link":"https:\/\/cpcorella.educacion.navarra.es\/blogs\/blog\/2016\/10\/20\/blas-de-laserna\/","title":{"rendered":"BLAS DE LASERNA"},"content":{"rendered":"<p>Este a\u00f1o se cumple el <strong>BICENTENARIO DE LA MUERTE DEL M\u00daSICO CORELLANO <\/strong><strong><em>\u201cBlas de Laserna\u201d<\/em><\/strong>. Con tal motivo el Ayuntamiento de Corella ha programado varias actividades para conmemorar dicha efem\u00e9rides. Por ello, adjunto le remitimos informaci\u00f3n sobre los actos que se desarrollar\u00e1 durante los pr\u00f3ximos<strong>, d\u00edas 21, 22 y 29 de octubre<\/strong>, en el\u00a0<strong>Centro Cultural de Corella<\/strong>. A la vez que le solicitamos su apreciada colaboraci\u00f3n para la difusi\u00f3n de los mismos.<\/p>\n<p>En la confianza de que ser\u00e1n de su agrado y contaremos con su grata compa\u00f1\u00eda, reciba un cordial saludo,<\/p>\n<p><img loading=\"lazy\" class=\"aligncenter size-medium wp-image-3111\" src=\"http:\/\/cpcorella.educacion.navarra.es\/blogs\/wp-content\/uploads\/2016\/10\/Portada-tr\u00edptico-300x211.png\" alt=\"portada-triptico\" width=\"300\" height=\"211\" srcset=\"https:\/\/cpcorella.educacion.navarra.es\/blogs\/wp-content\/uploads\/2016\/10\/Portada-tr\u00edptico-300x211.png 300w, https:\/\/cpcorella.educacion.navarra.es\/blogs\/wp-content\/uploads\/2016\/10\/Portada-tr\u00edptico-768x539.png 768w, https:\/\/cpcorella.educacion.navarra.es\/blogs\/wp-content\/uploads\/2016\/10\/Portada-tr\u00edptico-1024x719.png 1024w, https:\/\/cpcorella.educacion.navarra.es\/blogs\/wp-content\/uploads\/2016\/10\/Portada-tr\u00edptico.png 1566w\" sizes=\"(max-width: 300px) 100vw, 300px\" \/><\/p>\n<p><img loading=\"lazy\" class=\"aligncenter size-medium wp-image-3110\" src=\"http:\/\/cpcorella.educacion.navarra.es\/blogs\/wp-content\/uploads\/2016\/10\/Interior-tr\u00edptico-300x210.png\" alt=\"interior-triptico\" width=\"300\" height=\"210\" srcset=\"https:\/\/cpcorella.educacion.navarra.es\/blogs\/wp-content\/uploads\/2016\/10\/Interior-tr\u00edptico-300x210.png 300w, https:\/\/cpcorella.educacion.navarra.es\/blogs\/wp-content\/uploads\/2016\/10\/Interior-tr\u00edptico-768x539.png 768w, https:\/\/cpcorella.educacion.navarra.es\/blogs\/wp-content\/uploads\/2016\/10\/Interior-tr\u00edptico-1024x718.png 1024w, https:\/\/cpcorella.educacion.navarra.es\/blogs\/wp-content\/uploads\/2016\/10\/Interior-tr\u00edptico.png 1568w\" sizes=\"(max-width: 300px) 100vw, 300px\" \/><\/p>\n","protected":false},"excerpt":{"rendered":"<p>Este a\u00f1o se cumple el BICENTENARIO DE LA MUERTE DEL M\u00daSICO CORELLANO \u201cBlas de Laserna\u201d. Con tal motivo el Ayuntamiento de Corella ha programado varias actividades para conmemorar dicha efem\u00e9rides. Por ello, adjunto le remitimos informaci\u00f3n sobre los actos que se desarrollar\u00e1 durante los pr\u00f3ximos, d\u00edas 21, 22 y 29 de octubre, en el\u00a0Centro Cultural &hellip; <\/p>\n<p><a class=\"more-link btn\" href=\"https:\/\/cpcorella.educacion.navarra.es\/blogs\/blog\/2016\/10\/20\/blas-de-laserna\/\">Continue reading<\/a><\/p>\n","protected":false},"author":6,"featured_media":3111,"comment_status":"closed","ping_status":"closed","sticky":false,"template":"","format":"standard","meta":[],"categories":[1],"tags":[],"_links":{"self":[{"href":"https:\/\/cpcorella.educacion.navarra.es\/blogs\/wp-json\/wp\/v2\/posts\/3109"}],"collection":[{"href":"https:\/\/cpcorella.educacion.navarra.es\/blogs\/wp-json\/wp\/v2\/posts"}],"about":[{"href":"https:\/\/cpcorella.educacion.navarra.es\/blogs\/wp-json\/wp\/v2\/types\/post"}],"author":[{"embeddable":true,"href":"https:\/\/cpcorella.educacion.navarra.es\/blogs\/wp-json\/wp\/v2\/users\/6"}],"replies":[{"embeddable":true,"href":"https:\/\/cpcorella.educacion.navarra.es\/blogs\/wp-json\/wp\/v2\/comments?post=3109"}],"version-history":[{"count":1,"href":"https:\/\/cpcorella.educacion.navarra.es\/blogs\/wp-json\/wp\/v2\/posts\/3109\/revisions"}],"predecessor-version":[{"id":3112,"href":"https:\/\/cpcorella.educacion.navarra.es\/blogs\/wp-json\/wp\/v2\/posts\/3109\/revisions\/3112"}],"wp:featuredmedia":[{"embeddable":true,"href":"https:\/\/cpcorella.educacion.navarra.es\/blogs\/wp-json\/wp\/v2\/media\/3111"}],"wp:attachment":[{"href":"https:\/\/cpcorella.educacion.navarra.es\/blogs\/wp-json\/wp\/v2\/media?parent=3109"}],"wp:term":[{"taxonomy":"category","embeddable":true,"href":"https:\/\/cpcorella.educacion.navarra.es\/blogs\/wp-json\/wp\/v2\/categories?post=3109"},{"taxonomy":"post_tag","embeddable":true,"href":"https:\/\/cpcorella.educacion.navarra.es\/blogs\/wp-json\/wp\/v2\/tags?post=3109"}],"curies":[{"name":"wp","href":"https:\/\/api.w.org\/{rel}","templated":true}]}}