{"id":3039,"date":"2016-06-17T13:17:41","date_gmt":"2016-06-17T11:17:41","guid":{"rendered":"http:\/\/cpcorella.educacion.navarra.es\/blogs\/?p=3039"},"modified":"2016-06-17T13:17:41","modified_gmt":"2016-06-17T11:17:41","slug":"premios-al-cole-sin-humos","status":"publish","type":"post","link":"https:\/\/cpcorella.educacion.navarra.es\/blogs\/blog\/2016\/06\/17\/premios-al-cole-sin-humos\/","title":{"rendered":"PREMIOS \u00abAL COLE SIN HUMOS\u00bb"},"content":{"rendered":"<p><em><u>Sorteo<\/u><\/em>: 17 junio.<\/p>\n<p><em><u>Publicaci\u00f3n<\/u><\/em> : web y tabl\u00f3n anuncios colegio.<\/p>\n<p><em><u>Recoger premios:<\/u><\/em> d\u00edas 22, 23 y 24 en el colegio (en horario de ma\u00f1ana).<\/p>\n<p>&nbsp;<\/p>\n<p><u>N\u00daMEROS PREMIADOS<\/u><\/p>\n<p>BICICLISTAS:\u00a0 388 \/ 341 \/ 212 \/ 931 \u00a0\u00a0\u00a0\u00a0\u00a0\u00a0\u00a0\u00a0\u00a0\u00a0\u00a0\u00a0 \u00a0\u00a0\u00a0PERDI2:\u00a0\u00a0 \u00a0\u00a0135<\/p>\n<p>LAS CHATILLAS: 330\u00a0\u00a0\u00a0\u00a0\u00a0 \u00a0\u00a0 \u00a0\u00a0\u00a0\u00a0\u00a0\u00a0\u00a0\u00a0\u00a0\u00a0\u00a0\u00a0\u00a0EL REINO: 522<\/p>\n<p>&nbsp;<\/p>\n<p><u>\u00a0Nuestro Agradecimiento a las Empresas colaboradoras<\/u><\/p>\n","protected":false},"excerpt":{"rendered":"<p>Sorteo: 17 junio. Publicaci\u00f3n : web y tabl\u00f3n anuncios colegio. Recoger premios: d\u00edas 22, 23 y 24 en el colegio (en horario de ma\u00f1ana). &nbsp; N\u00daMEROS PREMIADOS BICICLISTAS:\u00a0 388 \/ 341 \/ 212 \/ 931 \u00a0\u00a0\u00a0\u00a0\u00a0\u00a0\u00a0\u00a0\u00a0\u00a0\u00a0\u00a0 \u00a0\u00a0\u00a0PERDI2:\u00a0\u00a0 \u00a0\u00a0135 LAS CHATILLAS: 330\u00a0\u00a0\u00a0\u00a0\u00a0 \u00a0\u00a0 \u00a0\u00a0\u00a0\u00a0\u00a0\u00a0\u00a0\u00a0\u00a0\u00a0\u00a0\u00a0\u00a0EL REINO: 522 &nbsp; \u00a0Nuestro Agradecimiento a las Empresas colaboradoras<\/p>\n","protected":false},"author":6,"featured_media":0,"comment_status":"closed","ping_status":"closed","sticky":false,"template":"","format":"standard","meta":[],"categories":[1],"tags":[],"_links":{"self":[{"href":"https:\/\/cpcorella.educacion.navarra.es\/blogs\/wp-json\/wp\/v2\/posts\/3039"}],"collection":[{"href":"https:\/\/cpcorella.educacion.navarra.es\/blogs\/wp-json\/wp\/v2\/posts"}],"about":[{"href":"https:\/\/cpcorella.educacion.navarra.es\/blogs\/wp-json\/wp\/v2\/types\/post"}],"author":[{"embeddable":true,"href":"https:\/\/cpcorella.educacion.navarra.es\/blogs\/wp-json\/wp\/v2\/users\/6"}],"replies":[{"embeddable":true,"href":"https:\/\/cpcorella.educacion.navarra.es\/blogs\/wp-json\/wp\/v2\/comments?post=3039"}],"version-history":[{"count":1,"href":"https:\/\/cpcorella.educacion.navarra.es\/blogs\/wp-json\/wp\/v2\/posts\/3039\/revisions"}],"predecessor-version":[{"id":3040,"href":"https:\/\/cpcorella.educacion.navarra.es\/blogs\/wp-json\/wp\/v2\/posts\/3039\/revisions\/3040"}],"wp:attachment":[{"href":"https:\/\/cpcorella.educacion.navarra.es\/blogs\/wp-json\/wp\/v2\/media?parent=3039"}],"wp:term":[{"taxonomy":"category","embeddable":true,"href":"https:\/\/cpcorella.educacion.navarra.es\/blogs\/wp-json\/wp\/v2\/categories?post=3039"},{"taxonomy":"post_tag","embeddable":true,"href":"https:\/\/cpcorella.educacion.navarra.es\/blogs\/wp-json\/wp\/v2\/tags?post=3039"}],"curies":[{"name":"wp","href":"https:\/\/api.w.org\/{rel}","templated":true}]}}