{"id":2900,"date":"2016-03-21T10:23:27","date_gmt":"2016-03-21T09:23:27","guid":{"rendered":"http:\/\/cpcorella.educacion.navarra.es\/blogs\/?p=2900"},"modified":"2016-03-21T10:23:27","modified_gmt":"2016-03-21T09:23:27","slug":"concierto-de-la-orquesta-sinfonica","status":"publish","type":"post","link":"https:\/\/cpcorella.educacion.navarra.es\/blogs\/blog\/2016\/03\/21\/concierto-de-la-orquesta-sinfonica\/","title":{"rendered":"CONCIERTO DE LA ORQUESTA SINF\u00d3NICA"},"content":{"rendered":"<p>El pasado mi\u00e9rcoles, los alumnos de 3\u00ba, 4\u00ba, 5\u00ba y 6\u00ba de primaria tuvieron la ocasi\u00f3n de disfrutar de un fabuloso concierto de c\u00e1mara, ofrecido por la Orquesta Sinf\u00f3nica de Navarra.<\/p>\n<p>A trav\u00e9s de una narradora, se les realiz\u00f3 un viaje por los diferentes continentes, completando una hora de fant\u00e1stica m\u00fasica y ritmo. Hay que destacar el fabuloso comportamiento de los alumnos y alumnas del centro. Muchas gracias a la Orquesta, a la narradora y a todos los implicados en la organizaci\u00f3n.<\/p>\n<p><img loading=\"lazy\" class=\"aligncenter size-medium wp-image-2901\" src=\"http:\/\/cpcorella.educacion.navarra.es\/blogs\/wp-content\/uploads\/2016\/03\/DSC_0175-copia-300x169.jpg\" alt=\"DSC_0175 - copia\" width=\"300\" height=\"169\" srcset=\"https:\/\/cpcorella.educacion.navarra.es\/blogs\/wp-content\/uploads\/2016\/03\/DSC_0175-copia-300x169.jpg 300w, https:\/\/cpcorella.educacion.navarra.es\/blogs\/wp-content\/uploads\/2016\/03\/DSC_0175-copia-768x432.jpg 768w, https:\/\/cpcorella.educacion.navarra.es\/blogs\/wp-content\/uploads\/2016\/03\/DSC_0175-copia-1024x576.jpg 1024w\" sizes=\"(max-width: 300px) 100vw, 300px\" \/><\/p>\n","protected":false},"excerpt":{"rendered":"<p>El pasado mi\u00e9rcoles, los alumnos de 3\u00ba, 4\u00ba, 5\u00ba y 6\u00ba de primaria tuvieron la ocasi\u00f3n de disfrutar de un fabuloso concierto de c\u00e1mara, ofrecido por la Orquesta Sinf\u00f3nica de Navarra. A trav\u00e9s de una narradora, se les realiz\u00f3 un viaje por los diferentes continentes, completando una hora de fant\u00e1stica m\u00fasica y ritmo. Hay que &hellip; <\/p>\n<p><a class=\"more-link btn\" href=\"https:\/\/cpcorella.educacion.navarra.es\/blogs\/blog\/2016\/03\/21\/concierto-de-la-orquesta-sinfonica\/\">Continue reading<\/a><\/p>\n","protected":false},"author":6,"featured_media":0,"comment_status":"closed","ping_status":"closed","sticky":false,"template":"","format":"standard","meta":[],"categories":[1],"tags":[],"_links":{"self":[{"href":"https:\/\/cpcorella.educacion.navarra.es\/blogs\/wp-json\/wp\/v2\/posts\/2900"}],"collection":[{"href":"https:\/\/cpcorella.educacion.navarra.es\/blogs\/wp-json\/wp\/v2\/posts"}],"about":[{"href":"https:\/\/cpcorella.educacion.navarra.es\/blogs\/wp-json\/wp\/v2\/types\/post"}],"author":[{"embeddable":true,"href":"https:\/\/cpcorella.educacion.navarra.es\/blogs\/wp-json\/wp\/v2\/users\/6"}],"replies":[{"embeddable":true,"href":"https:\/\/cpcorella.educacion.navarra.es\/blogs\/wp-json\/wp\/v2\/comments?post=2900"}],"version-history":[{"count":1,"href":"https:\/\/cpcorella.educacion.navarra.es\/blogs\/wp-json\/wp\/v2\/posts\/2900\/revisions"}],"predecessor-version":[{"id":2902,"href":"https:\/\/cpcorella.educacion.navarra.es\/blogs\/wp-json\/wp\/v2\/posts\/2900\/revisions\/2902"}],"wp:attachment":[{"href":"https:\/\/cpcorella.educacion.navarra.es\/blogs\/wp-json\/wp\/v2\/media?parent=2900"}],"wp:term":[{"taxonomy":"category","embeddable":true,"href":"https:\/\/cpcorella.educacion.navarra.es\/blogs\/wp-json\/wp\/v2\/categories?post=2900"},{"taxonomy":"post_tag","embeddable":true,"href":"https:\/\/cpcorella.educacion.navarra.es\/blogs\/wp-json\/wp\/v2\/tags?post=2900"}],"curies":[{"name":"wp","href":"https:\/\/api.w.org\/{rel}","templated":true}]}}