{"id":2888,"date":"2016-03-09T11:02:30","date_gmt":"2016-03-09T10:02:30","guid":{"rendered":"http:\/\/cpcorella.educacion.navarra.es\/blogs\/?p=2888"},"modified":"2016-03-09T11:02:30","modified_gmt":"2016-03-09T10:02:30","slug":"concurso-de-blogs-espiral-edublogs-2016","status":"publish","type":"post","link":"https:\/\/cpcorella.educacion.navarra.es\/blogs\/blog\/2016\/03\/09\/concurso-de-blogs-espiral-edublogs-2016\/","title":{"rendered":"CONCURSO DE BLOGS. ESPIRAL EDUBLOGS 2016"},"content":{"rendered":"<p>Queridas familias y alumnado del centro. Este a\u00f1o presentamos nuestro blog al prestigioso certamen de blogs educativos Espiral Edublogs. De esta manera queremos dar a conocer un poco m\u00e1s nuestro centro y el trabajo que hacemos a diario.<br \/>\nLa asociaci\u00f3n Espiral es un colectivo de profesorado, personas con formaci\u00f3n t\u00e9cnica, investigadores, estudiantes y entidades, interesado en la promoci\u00f3n y la aplicaci\u00f3n de las tecnolog\u00edas de la informaci\u00f3n y la comunicaci\u00f3n a la educaci\u00f3n (TIC). Nace en 1989 como grupo de trabajo dentro de la Asociaci\u00f3n de T\u00e9cnicos de Inform\u00e1tica (ATI) y desde 1993 es una asociaci\u00f3n profesional independiente.(fuente:<a href=\"http:\/\/ciberespiral.org\/index.php\/es\"> Web de Espiral)<\/a><\/p>\n<p><a href=\"http:\/\/cpcorella.educacion.navarra.es\/blogs\/\">Aqu\u00ed ten\u00e9is el enlace a la candidatura de nuestro blog de centro<\/a><\/p>\n<p>Nos encantar\u00eda poder estar, al menos, entre los blogs finalistas, aunque hay que reconocer que no es nada f\u00e1cil debido al alto nivel de blogs y espacios web que afortunadamente podemos encontrar en el \u00abciberespacio\u00bb.<\/p>\n<p><img loading=\"lazy\" class=\"size-full wp-image-2887 aligncenter\" src=\"http:\/\/cpcorella.educacion.navarra.es\/blogs\/wp-content\/uploads\/2016\/03\/espiral.png\" alt=\"http:\/\/espiraledublogs.org\/comunidad\/Edublogs\/edublogs?dc:type=centros%20educativos&amp;gnoss:hasnivelcertification=1\" width=\"300\" height=\"300\" srcset=\"https:\/\/cpcorella.educacion.navarra.es\/blogs\/wp-content\/uploads\/2016\/03\/espiral.png 300w, https:\/\/cpcorella.educacion.navarra.es\/blogs\/wp-content\/uploads\/2016\/03\/espiral-150x150.png 150w\" sizes=\"(max-width: 300px) 100vw, 300px\" \/><img loading=\"lazy\" class=\"aligncenter\" src=\"http:\/\/contentmapas.didactalia.net\/imagenes\/usuarios\/ImagenesCKEditor\/443951a6-0adc-4287-b74b-614b478e6c51\/c1c5e7de-91a2-40fb-8e59-5a8715f1d836.png\" alt=\"\" width=\"301\" height=\"300\" \/><\/p>\n","protected":false},"excerpt":{"rendered":"<p>Queridas familias y alumnado del centro. Este a\u00f1o presentamos nuestro blog al prestigioso certamen de blogs educativos Espiral Edublogs. De esta manera queremos dar a conocer un poco m\u00e1s nuestro centro y el trabajo que hacemos a diario. La asociaci\u00f3n Espiral es un colectivo de profesorado, personas con formaci\u00f3n t\u00e9cnica, investigadores, estudiantes y entidades, interesado &hellip; <\/p>\n<p><a class=\"more-link btn\" href=\"https:\/\/cpcorella.educacion.navarra.es\/blogs\/blog\/2016\/03\/09\/concurso-de-blogs-espiral-edublogs-2016\/\">Continue reading<\/a><\/p>\n","protected":false},"author":15,"featured_media":0,"comment_status":"closed","ping_status":"closed","sticky":false,"template":"","format":"standard","meta":[],"categories":[1,24],"tags":[],"_links":{"self":[{"href":"https:\/\/cpcorella.educacion.navarra.es\/blogs\/wp-json\/wp\/v2\/posts\/2888"}],"collection":[{"href":"https:\/\/cpcorella.educacion.navarra.es\/blogs\/wp-json\/wp\/v2\/posts"}],"about":[{"href":"https:\/\/cpcorella.educacion.navarra.es\/blogs\/wp-json\/wp\/v2\/types\/post"}],"author":[{"embeddable":true,"href":"https:\/\/cpcorella.educacion.navarra.es\/blogs\/wp-json\/wp\/v2\/users\/15"}],"replies":[{"embeddable":true,"href":"https:\/\/cpcorella.educacion.navarra.es\/blogs\/wp-json\/wp\/v2\/comments?post=2888"}],"version-history":[{"count":1,"href":"https:\/\/cpcorella.educacion.navarra.es\/blogs\/wp-json\/wp\/v2\/posts\/2888\/revisions"}],"predecessor-version":[{"id":2889,"href":"https:\/\/cpcorella.educacion.navarra.es\/blogs\/wp-json\/wp\/v2\/posts\/2888\/revisions\/2889"}],"wp:attachment":[{"href":"https:\/\/cpcorella.educacion.navarra.es\/blogs\/wp-json\/wp\/v2\/media?parent=2888"}],"wp:term":[{"taxonomy":"category","embeddable":true,"href":"https:\/\/cpcorella.educacion.navarra.es\/blogs\/wp-json\/wp\/v2\/categories?post=2888"},{"taxonomy":"post_tag","embeddable":true,"href":"https:\/\/cpcorella.educacion.navarra.es\/blogs\/wp-json\/wp\/v2\/tags?post=2888"}],"curies":[{"name":"wp","href":"https:\/\/api.w.org\/{rel}","templated":true}]}}