{"id":2812,"date":"2016-02-04T11:49:00","date_gmt":"2016-02-04T10:49:00","guid":{"rendered":"http:\/\/cpcorella.educacion.navarra.es\/blogs\/?p=2812"},"modified":"2016-02-15T14:02:47","modified_gmt":"2016-02-15T13:02:47","slug":"2812","status":"publish","type":"post","link":"https:\/\/cpcorella.educacion.navarra.es\/blogs\/blog\/2016\/02\/04\/2812\/","title":{"rendered":"Preinscripci\u00f3n y matr\u00edcula del alumnado de Segundo Ciclo de Educaci\u00f3n Infantil y Primaria Curso 2015-2016"},"content":{"rendered":"<p><span class=\"aviso\">Aviso:<\/span> Plazo de preinscripci\u00f3n: 15-19 de febrero en el centro solicitado como primera opci\u00f3n.<\/p>\n<h3 class=\"nivel_2_noMrgTop\">OBJETIVO<\/h3>\n<div class=\"tiny\">\n<p>Informar sobre c\u00f3mo es la preinscripci\u00f3n y matr\u00edcula para el curso 2015-2016 del alumnado de segundo ciclo de Educaci\u00f3n Infantil y del alumnado de Educaci\u00f3n Primaria<\/p>\n<\/div>\n<h3 class=\"nivel_2\">DESTINATARIOS<\/h3>\n<div class=\"tiny\">\n<p>Familias de alumnos y alumnas de Educaci\u00f3n Infantil y Primaria<\/p>\n<\/div>\n<h3 class=\"nivel_2\">CARACTER\u00cdSTICAS<\/h3>\n<div class=\"tiny\">\n<ul>\n<li><a href=\"http:\/\/www.navarra.es\/home_es\/especial\/PreinscripcionEscolar\/\">Instrucciones\u00a0<\/a>(Para familias y centros educativos)<\/li>\n<li><a href=\"https:\/\/logs177.xiti.com\/go.click?xts=446456&amp;s2=1&amp;p=Fichas%3A%3Ahttp%3A%2F%2Fwww.navarra.es%2Fhome_es%2Fservicios%2Fdescargar-fichero%2FxDPqMpVXRdsr6xg6qCZrtJCL8C6n99%2FANEXOIICalendario%2520Inf-Prim1516.pdf&amp;click=T&amp;type=click&amp;url=http%3A%2F%2Fwww.navarra.es%2Fhome_es%2Fservicios%2Fdescargar-fichero%2FxDPqMpVXRdsr6xg6qCZrtJCL8C6n99%2FANEXOIICalendario%2520Inf-Prim1516.pdf\">Calendario<\/a><\/li>\n<li><a href=\"https:\/\/dl.dropboxusercontent.com\/u\/89007857\/documentos\/matricula\/HOJA_PREINSCRIPCION.pdf\">HOJA_PREINSCRIPCION<\/a><\/li>\n<li><a href=\"https:\/\/dl.dropboxusercontent.com\/u\/89007857\/documentos\/matricula\/HOJA%20DE%20DATOS.pdf\" target=\"_blank\">HOJA_DATOS<\/a><\/li>\n<li><a href=\"https:\/\/dl.dropboxusercontent.com\/u\/89007857\/documentos\/matricula\/AUTORIZACION%20FOTOS.pdf\" target=\"_blank\">AUTORIZACION_FOTOS<\/a><\/li>\n<li><a href=\"https:\/\/dl.dropboxusercontent.com\/u\/89007857\/documentos\/matricula\/AUTORIAZACION%20BANCARIA.pdf\" target=\"_blank\">AUTORIZACION_BANCARIA<\/a><\/li>\n<li><a href=\"https:\/\/dl.dropboxusercontent.com\/u\/89007857\/documentos\/matricula\/DOCUMENTACION.pdf\" target=\"_blank\">DOCUMENTACION<\/a><\/li>\n<\/ul>\n<\/div>\n<h3 class=\"nivel_2\">PLAZO DE PRESENTACI\u00d3N<\/h3>\n<p>El plazo de presentaci\u00f3n de solicitudes a\u00fan no se ha abierto; lo har\u00e1 en pr\u00f3ximas fechas.<\/p>\n<div class=\"tiny\">\n<p>Plazo<strong> ordinario:<\/strong><\/p>\n<ul>\n<li>Presentaci\u00f3n de solicitudes de preinscripci\u00f3n: del 9 al 13 de febrero (hasta las 14 horas)<\/li>\n<li>Matriculaci\u00f3n: del 22 al 26 de junio (hasta las 14 horas)<\/li>\n<\/ul>\n<p>Plazo<strong> extraordinario:<\/strong><\/p>\n<ul>\n<li>Presentaci\u00f3n de solicitudes: del\u00a01 al\u00a02 de septiembre (hasta las 14 horas)<\/li>\n<li>Matriculaci\u00f3n: 7 y\u00a08 de septiembre (hasta las 14 horas)<\/li>\n<\/ul>\n<p>DOCUMENTACI\u00d3N:<\/p>\n<p>1. La formalizaci\u00f3n de la matr\u00edcula de los nuevos alumnos incorporados a un centro, tanto en plazo ordinario y extraordinario como en caso de incorporaci\u00f3n a lo largo del curso escolar, requerir\u00e1 la aportaci\u00f3n de la siguiente documentaci\u00f3n:<\/p>\n<p>a) Fotocopia de Libro de Familia o de la Partida de Nacimiento, y a efectos de ser cotejada por el centro, la presentaci\u00f3n de los originales.<\/p>\n<p>b) Carnet de vacunaci\u00f3n o cualquier otro documento m\u00e9dico donde figuren las dosis vacunales recibidas o revisi\u00f3n medica realizada.<\/p>\n<p>c) Fotocopia de la Tarjeta Sanitaria.<\/p>\n<p>d) Informes de los estudios m\u00e9dicos realizados en caso de alumnos con minusval\u00edas, enfermedades o cualquier otra circunstancia relacionada con el\u00a0\u00a0 estado de salud, que el centro deba conocer (informes audiom\u00e9tricos, otorrinolaringol\u00f3gicos, oftalmol\u00f3gicos, etc.).<\/p>\n<p>e) El certificado o volante de empadronamiento deber\u00e1 ser presentado en el centro junto con la solicitud de preinscripci\u00f3n en los plazos previstos.<\/p>\n<p>2. En todos los procesos y documentaci\u00f3n correspondientes a los tr\u00e1mites de solicitud y matriculaci\u00f3n, el nombre y los apellidos del alumno deben coincidir con los que figuran en el Libro de Familia.<\/p>\n<\/div>\n","protected":false},"excerpt":{"rendered":"<p>Aviso: Plazo de preinscripci\u00f3n: 15-19 de febrero en el centro solicitado como primera opci\u00f3n. OBJETIVO Informar sobre c\u00f3mo es la preinscripci\u00f3n y matr\u00edcula para el curso 2015-2016 del alumnado de segundo ciclo de Educaci\u00f3n Infantil y del alumnado de Educaci\u00f3n Primaria DESTINATARIOS Familias de alumnos y alumnas de Educaci\u00f3n Infantil y Primaria CARACTER\u00cdSTICAS Instrucciones\u00a0(Para familias &hellip; <\/p>\n<p><a class=\"more-link btn\" href=\"https:\/\/cpcorella.educacion.navarra.es\/blogs\/blog\/2016\/02\/04\/2812\/\">Continue reading<\/a><\/p>\n","protected":false},"author":6,"featured_media":0,"comment_status":"closed","ping_status":"closed","sticky":false,"template":"","format":"standard","meta":[],"categories":[1],"tags":[],"_links":{"self":[{"href":"https:\/\/cpcorella.educacion.navarra.es\/blogs\/wp-json\/wp\/v2\/posts\/2812"}],"collection":[{"href":"https:\/\/cpcorella.educacion.navarra.es\/blogs\/wp-json\/wp\/v2\/posts"}],"about":[{"href":"https:\/\/cpcorella.educacion.navarra.es\/blogs\/wp-json\/wp\/v2\/types\/post"}],"author":[{"embeddable":true,"href":"https:\/\/cpcorella.educacion.navarra.es\/blogs\/wp-json\/wp\/v2\/users\/6"}],"replies":[{"embeddable":true,"href":"https:\/\/cpcorella.educacion.navarra.es\/blogs\/wp-json\/wp\/v2\/comments?post=2812"}],"version-history":[{"count":6,"href":"https:\/\/cpcorella.educacion.navarra.es\/blogs\/wp-json\/wp\/v2\/posts\/2812\/revisions"}],"predecessor-version":[{"id":2823,"href":"https:\/\/cpcorella.educacion.navarra.es\/blogs\/wp-json\/wp\/v2\/posts\/2812\/revisions\/2823"}],"wp:attachment":[{"href":"https:\/\/cpcorella.educacion.navarra.es\/blogs\/wp-json\/wp\/v2\/media?parent=2812"}],"wp:term":[{"taxonomy":"category","embeddable":true,"href":"https:\/\/cpcorella.educacion.navarra.es\/blogs\/wp-json\/wp\/v2\/categories?post=2812"},{"taxonomy":"post_tag","embeddable":true,"href":"https:\/\/cpcorella.educacion.navarra.es\/blogs\/wp-json\/wp\/v2\/tags?post=2812"}],"curies":[{"name":"wp","href":"https:\/\/api.w.org\/{rel}","templated":true}]}}