{"id":2805,"date":"2016-01-29T12:51:56","date_gmt":"2016-01-29T11:51:56","guid":{"rendered":"http:\/\/cpcorella.educacion.navarra.es\/blogs\/?p=2805"},"modified":"2016-01-29T12:51:56","modified_gmt":"2016-01-29T11:51:56","slug":"lo-conseguimos-una-tonelada-de-alimentos-2","status":"publish","type":"post","link":"https:\/\/cpcorella.educacion.navarra.es\/blogs\/blog\/2016\/01\/29\/lo-conseguimos-una-tonelada-de-alimentos-2\/","title":{"rendered":"LO CONSEGUIMOS. \u00a1UNA TONELADA DE ALIMENTOS!"},"content":{"rendered":"<p style=\"text-align: justify;\">El CPEIP JOS\u00c9 LUIS DE ARRESE \u00a0en colaboraci\u00f3n de con la APYMA VIRGEN DEL VILLAR, el AYUNTAMIENTO y el BANCO DE ALIMENTOS DE CORELLA, ha realizado a lo largo de la \u00faltima semana de enero una recogida solidaria de alimentos.<\/p>\n<p style=\"text-align: justify;\">Con el lema \u201cPor un paquete de comida un bocadillo\u201d, el centro ribero ha logrado recoger una tonelada de alimentos no perecederos en menos de cinco d\u00edas que ha durado dicha campa\u00f1a. Desde el centro destacan la solidaridad de los ni\u00f1os y ni\u00f1as corellanos. Sabemos que hay muchas familias de nuestra localidad que lo est\u00e1n pasando realmente mal y no podemos consentir que ninguno de nuestros alumnos pasen hambre. En ning\u00fan momento nos ha sorprendido el \u00e9xito de la campa\u00f1a de solidaridad ya que estos ni\u00f1os cada d\u00eda nos dan muestras de su generosidad.<\/p>\n<p style=\"text-align: justify;\">El viernes a la hora del patio todos los alumnos han disfrutado de su bocadillo de chocolate elaborado por miembros de la APYMA.<\/p>\n<p style=\"text-align: justify;\">Desde el Centro, la APYMA\u00a0 y el BANCO DE ALIMENTOS DE CORELLA, aprovechamos para daros las gracias por esta exitosa campa\u00f1a solidaria. UNA TONELADA DE ALIMENTOS. MUCHAS GRACIAS.<\/p>\n<p style=\"text-align: justify;\"><img loading=\"lazy\" class=\"aligncenter size-medium wp-image-2806\" src=\"http:\/\/cpcorella.educacion.navarra.es\/blogs\/wp-content\/uploads\/2016\/01\/DSC_0151-300x169.jpg\" alt=\"DSC_0151\" width=\"300\" height=\"169\" srcset=\"https:\/\/cpcorella.educacion.navarra.es\/blogs\/wp-content\/uploads\/2016\/01\/DSC_0151-300x169.jpg 300w, https:\/\/cpcorella.educacion.navarra.es\/blogs\/wp-content\/uploads\/2016\/01\/DSC_0151-768x432.jpg 768w, https:\/\/cpcorella.educacion.navarra.es\/blogs\/wp-content\/uploads\/2016\/01\/DSC_0151-1024x576.jpg 1024w\" sizes=\"(max-width: 300px) 100vw, 300px\" \/><\/p>\n","protected":false},"excerpt":{"rendered":"<p>El CPEIP JOS\u00c9 LUIS DE ARRESE \u00a0en colaboraci\u00f3n de con la APYMA VIRGEN DEL VILLAR, el AYUNTAMIENTO y el BANCO DE ALIMENTOS DE CORELLA, ha realizado a lo largo de la \u00faltima semana de enero una recogida solidaria de alimentos. Con el lema \u201cPor un paquete de comida un bocadillo\u201d, el centro ribero ha logrado &hellip; <\/p>\n<p><a class=\"more-link btn\" href=\"https:\/\/cpcorella.educacion.navarra.es\/blogs\/blog\/2016\/01\/29\/lo-conseguimos-una-tonelada-de-alimentos-2\/\">Continue reading<\/a><\/p>\n","protected":false},"author":6,"featured_media":0,"comment_status":"closed","ping_status":"closed","sticky":false,"template":"","format":"standard","meta":[],"categories":[1],"tags":[],"_links":{"self":[{"href":"https:\/\/cpcorella.educacion.navarra.es\/blogs\/wp-json\/wp\/v2\/posts\/2805"}],"collection":[{"href":"https:\/\/cpcorella.educacion.navarra.es\/blogs\/wp-json\/wp\/v2\/posts"}],"about":[{"href":"https:\/\/cpcorella.educacion.navarra.es\/blogs\/wp-json\/wp\/v2\/types\/post"}],"author":[{"embeddable":true,"href":"https:\/\/cpcorella.educacion.navarra.es\/blogs\/wp-json\/wp\/v2\/users\/6"}],"replies":[{"embeddable":true,"href":"https:\/\/cpcorella.educacion.navarra.es\/blogs\/wp-json\/wp\/v2\/comments?post=2805"}],"version-history":[{"count":1,"href":"https:\/\/cpcorella.educacion.navarra.es\/blogs\/wp-json\/wp\/v2\/posts\/2805\/revisions"}],"predecessor-version":[{"id":2807,"href":"https:\/\/cpcorella.educacion.navarra.es\/blogs\/wp-json\/wp\/v2\/posts\/2805\/revisions\/2807"}],"wp:attachment":[{"href":"https:\/\/cpcorella.educacion.navarra.es\/blogs\/wp-json\/wp\/v2\/media?parent=2805"}],"wp:term":[{"taxonomy":"category","embeddable":true,"href":"https:\/\/cpcorella.educacion.navarra.es\/blogs\/wp-json\/wp\/v2\/categories?post=2805"},{"taxonomy":"post_tag","embeddable":true,"href":"https:\/\/cpcorella.educacion.navarra.es\/blogs\/wp-json\/wp\/v2\/tags?post=2805"}],"curies":[{"name":"wp","href":"https:\/\/api.w.org\/{rel}","templated":true}]}}