{"id":2564,"date":"2015-05-18T16:07:09","date_gmt":"2015-05-18T14:07:09","guid":{"rendered":"http:\/\/cpcorella.educacion.navarra.es\/blogs\/?p=2564"},"modified":"2015-05-18T16:07:10","modified_gmt":"2015-05-18T14:07:10","slug":"english-summer","status":"publish","type":"post","link":"https:\/\/cpcorella.educacion.navarra.es\/blogs\/blog\/2015\/05\/18\/english-summer\/","title":{"rendered":"ENGLISH SUMMER"},"content":{"rendered":"<p style=\"text-align: justify\">\n\u00a0<\/p>\n<p style=\"text-align: justify\">\n\u00a0<\/p>\n<p style=\"text-align: justify\"><img src=\"http:\/\/cpcorella.educacion.navarra.es\/blogs\/wp-content\/uploads\/2015\/05\/051815_1409_ENGLISHSUMM1.png\" alt=\"\"\/><span style=\"font-family:Arial; font-size:16pt\"><strong> CURSO RESIDENCIAL DE INGL\u00c9S PARA ALUMNADO DE 6\u00ba DE PRIMARIA Y 1\u00ba,2\u00ba Y 3\u00ba SECUNDARIA RESIDENCIA DEL I.E.S. \u00abSIERRA DE LEYRE\u00bb DE LUMBIER DURANTE EL VERANO DE 2015<br \/>\n<\/strong><\/span><\/p>\n<p style=\"text-align: justify\">\n\u00a0<\/p>\n<p><span style=\"font-family:Arial; font-size:9pt\">Los cursos est\u00e1n destinados a alumnos de <strong> 6\u00ba de Educaci\u00f3n Primaria<\/strong>  y <strong>1\u00ba, 2\u00ba, 3\u00ba de la ESO<\/strong> de centros educativos de la Comunidad Foral de Navarra. Se desarrollar\u00e1n en <strong> Junio, Julio y Agosto de 2015<\/strong>\u00a0en la <strong>Residencia del I.E.S. \u00abSierra de Leyre\u00bb<\/strong> de Lumbier (Avda. de Aoiz, s\/n).<br \/>\n<\/span><\/p>\n<p><span style=\"font-family:Arial; font-size:9pt\">El Programa constar\u00e1 de 10 tandas de 90 escolares cada una, que se organizar\u00e1n en 6 grupos de 15 alumnos. Duraci\u00f3n: 7 d\u00edas, de domingo a s\u00e1bado (entrada entre las 18:00 y las 19:00 horas y salida a las 11:00 horas).<br \/>\n<\/span><\/p>\n<p><span style=\"font-family:Arial; font-size:9pt\">Cada participante deber\u00e1 abonar la cantidad de 230 \u20ac por su estancia de 7 d\u00edas (incluye todos los gastos del programa, alojamiento, manutenci\u00f3n, etc.) Se aplicar\u00e1 la siguiente reducci\u00f3n en el precio del curso, al alumnado de familias numerosas que lo acredite documentalmente:<br \/>\n<\/span><\/p>\n<ul style=\"margin-left: 48pt\">\n<li>\n<div style=\"text-align: justify\"><span style=\"font-family:Arial; font-size:9pt\">Las familias numerosas de categor\u00eda general abonar\u00e1n 207 \u20ac.<br \/>\n<\/span><\/div>\n<\/li>\n<li>\n<div style=\"text-align: justify\"><span style=\"font-family:Arial; font-size:9pt\">Las familias numerosas de categor\u00eda especial abonar\u00e1n 184 \u20ac.<br \/>\n<\/span><\/div>\n<p style=\"text-align: justify\">\n\u00a0<\/p>\n<\/li>\n<\/ul>\n<p><span style=\"font-family:Arial; font-size:9pt\">La organizaci\u00f3n y coste de los desplazamientos de ida y vuelta al lugar de celebraci\u00f3n de los cursos correr\u00e1 por cuenta de las familias.<br \/>\n<\/span><\/p>\n<p><span style=\"font-family:Arial; font-size:9pt\"><strong>Tandas<br \/>\n<\/strong><\/span><\/p>\n<ul style=\"margin-left: 48pt\">\n<li>\n<div style=\"text-align: justify\"><span style=\"font-family:Arial; font-size:9pt\">Semana 1: Del 21 al 27 de junio (6\u00ba de Primaria)<br \/>\n<\/span><\/div>\n<\/li>\n<li>\n<div style=\"text-align: justify\"><span style=\"font-family:Arial; font-size:9pt\">Semana 2: Del 28 de junio al 4 de julio (6\u00ba de Primaria)<br \/>\n<\/span><\/div>\n<\/li>\n<li>\n<div style=\"text-align: justify\"><span style=\"font-family:Arial; font-size:9pt\">Semana 3: Del 5 al 11 de julio (1\u00ba y 2\u00ba de Secundaria)<br \/>\n<\/span><\/div>\n<\/li>\n<li>\n<div style=\"text-align: justify\"><span style=\"font-family:Arial; font-size:9pt\">Semana 4: Del 12 al 18 de julio (1\u00ba y 2\u00ba de Secundaria)<br \/>\n<\/span><\/div>\n<\/li>\n<li>\n<div style=\"text-align: justify\"><span style=\"font-family:Arial; font-size:9pt\">Semana 5: Del 19 al 25 de julio (2\u00ba y 3\u00ba de Secundaria)<br \/>\n<\/span><\/div>\n<\/li>\n<li>\n<div style=\"text-align: justify\"><span style=\"font-family:Arial; font-size:9pt\">Semana 6: Del 26 de julio al 1 de agosto (2\u00ba y 3\u00ba de Secundaria)<span style=\"color:red\"><br \/>\n\t\t\t\t\t<\/span><\/span><\/div>\n<\/li>\n<li>\n<div style=\"text-align: justify\"><span style=\"font-family:Arial; font-size:9pt\">Semana 7: Del 2 al 8 de agosto (1\u00ba y 2\u00ba de Secundaria)<br \/>\n<\/span><\/div>\n<\/li>\n<li>\n<div style=\"text-align: justify\"><span style=\"font-family:Arial; font-size:9pt\">Semana 8: Del 9 al 15 de agosto.<span style=\"color:red\"><br \/>\n\t\t\t\t\t<\/span>(1\u00ba y 2\u00ba de Secundaria)<br \/>\n<\/span><\/div>\n<\/li>\n<li>\n<div style=\"text-align: justify\"><span style=\"font-family:Arial; font-size:9pt\">Semana 9: Del 16 al 22 de agosto (2\u00ba y 3\u00ba de Secundaria)<br \/>\n<\/span><\/div>\n<\/li>\n<li>\n<div style=\"text-align: justify\"><span style=\"font-family:Arial; font-size:9pt\">Semana 10: Del 23 al 29 de agosto (6\u00ba de Primaria)<br \/>\n<\/span><\/div>\n<\/li>\n<\/ul>\n<p>\n\u00a0<\/p>\n<p><span style=\"font-family:Arial; font-size:9pt\"><strong>Requisitos de participaci\u00f3n<br \/>\n<\/strong><\/span><\/p>\n<p><span style=\"font-family:Arial; font-size:9pt\">Cursar 6\u00ba de Educaci\u00f3n Primaria, 1\u00ba, 2\u00ba o 3\u00ba de la ESO durante el curso 2014-2015 en un centro educativo de la Comunidad Foral de Navarra.<br \/>\n<\/span><\/p>\n<p><span style=\"font-family:Arial; font-size:9pt\"><strong>Procedimiento de inscripci\u00f3n y adjudicaci\u00f3n de plazas <\/strong><br \/>\n\t\t<\/span><\/p>\n<p><span style=\"font-family:Arial; font-size:9pt\">Para solicitar la participaci\u00f3n en estos cursos, la preinscripci\u00f3n se realizar\u00e1 on line a trav\u00e9s de la p\u00e1gina web de CNAI <a href=\"https:\/\/www.cnai.es\/es\/reserva-de-cursos\/53217\"><span style=\"color:#0000ef; text-decoration:underline\">https:\/\/www.cnai.es\/es\/reserva-de-cursos\/53217<\/span><\/a><br \/>\n\t\t<\/span><\/p>\n<p><span style=\"font-family:Arial; font-size:9pt\">En el momento de hacer la preinscripci\u00f3n, el alumno deber\u00e1 elegir la semana a la que quiera acudir. En el caso de que el n\u00famero de plazas demandadas para esa semana sea superior al n\u00famero de plazas ofertadas, se realizar\u00e1 un sorteo, por lo que el participante elegir\u00e1 otras opciones por orden de preferencia en caso de que le interesen. Si es necesario realizar sorteo, \u00e9ste se efectuar\u00e1 en acto p\u00fablico. Se proceder\u00e1 a la extracci\u00f3n de un n\u00famero y orden (ascendente o descendente) por semana, a partir de los cuales se asignar\u00e1n las plazas.<br \/>\n<\/span><\/p>\n<p><span style=\"font-family:Arial; font-size:9pt\">Para que la preinscripci\u00f3n tenga validez, ser\u00e1 necesario abonar 30 \u20ac que CNAI cobrar\u00e1 al alumno mediante giro bancario al n\u00famero de cuenta que el alumno haya facilitado. En caso de que al alumno no se le adjudique ninguna semana seleccionada se le devolver\u00e1 el importe de la preinscripci\u00f3n.<br \/>\n<\/span><\/p>\n<p>\n\u00a0<\/p>\n<p><span style=\"font-family:Arial; font-size:9pt\">Una vez confirmada la plaza, a los alumnos admitidos se les girar\u00e1 el resto del importe  (200 \u20ac, en caso de no pertenecer a familia numerosa, 177 \u20ac si el alumno pertenece a familia numerosa de r\u00e9gimen general y 154 \u20ac si el alumno pertenece a familia numerosa de r\u00e9gimen especial) en concepto de inscripci\u00f3n definitiva, quedando confirmada la plaza.<br \/>\n<\/span><\/p>\n<p><span style=\"font-family:Arial; font-size:9pt\">La preinscripci\u00f3n se podr\u00e1 realizar del 20 de mayo al 3 de junio de 2015. En la semana del 8 de junio se publicar\u00e1n los listados provisionales de alumnos preinscritos por semana, se efectuar\u00e1 el sorteo y se publicar\u00e1n los listados definitivos con la asignaci\u00f3n de plazas.<br \/>\n<\/span><\/p>\n<p><span style=\"font-family:Arial; font-size:9pt\">El alumnado admitido se compromete a aceptar las condiciones y normas de participaci\u00f3n.<br \/>\n<\/span><\/p>\n<p><span style=\"font-family:Arial; font-size:9pt\">Para m\u00e1s informaci\u00f3n <a href=\"http:\/\/www.cnai.es\">www.cnai.es<\/a><br \/>\n\t\t<\/span><\/p>\n<p><span style=\"font-family:Arial; font-size:9pt\">Para contactar con CNAI: tel\u00e9fono 948.207.343 o a trav\u00e9s de la direcci\u00f3n de correo electr\u00f3nico <a href=\"mailto:info@cnai.es\">info@cnai.es<\/a><br \/>\n\t\t<\/span><\/p>\n<p><span style=\"color:#17366b; font-size:15pt\">\u00a0<\/span><span style=\"font-family:Courier New\"><br \/>\n\t\t<\/span>\u00a0<\/p>\n","protected":false},"excerpt":{"rendered":"<p>\u00a0 \u00a0 CURSO RESIDENCIAL DE INGL\u00c9S PARA ALUMNADO DE 6\u00ba DE PRIMARIA Y 1\u00ba,2\u00ba Y 3\u00ba SECUNDARIA RESIDENCIA DEL I.E.S. \u00abSIERRA DE LEYRE\u00bb DE LUMBIER DURANTE EL VERANO DE 2015 \u00a0 Los cursos est\u00e1n destinados a alumnos de 6\u00ba de Educaci\u00f3n Primaria y 1\u00ba, 2\u00ba, 3\u00ba de la ESO de centros educativos de la Comunidad &hellip; <\/p>\n<p><a class=\"more-link btn\" href=\"https:\/\/cpcorella.educacion.navarra.es\/blogs\/blog\/2015\/05\/18\/english-summer\/\">Continue reading<\/a><\/p>\n","protected":false},"author":6,"featured_media":0,"comment_status":"closed","ping_status":"closed","sticky":false,"template":"","format":"standard","meta":[],"categories":[1],"tags":[],"_links":{"self":[{"href":"https:\/\/cpcorella.educacion.navarra.es\/blogs\/wp-json\/wp\/v2\/posts\/2564"}],"collection":[{"href":"https:\/\/cpcorella.educacion.navarra.es\/blogs\/wp-json\/wp\/v2\/posts"}],"about":[{"href":"https:\/\/cpcorella.educacion.navarra.es\/blogs\/wp-json\/wp\/v2\/types\/post"}],"author":[{"embeddable":true,"href":"https:\/\/cpcorella.educacion.navarra.es\/blogs\/wp-json\/wp\/v2\/users\/6"}],"replies":[{"embeddable":true,"href":"https:\/\/cpcorella.educacion.navarra.es\/blogs\/wp-json\/wp\/v2\/comments?post=2564"}],"version-history":[{"count":1,"href":"https:\/\/cpcorella.educacion.navarra.es\/blogs\/wp-json\/wp\/v2\/posts\/2564\/revisions"}],"predecessor-version":[{"id":2565,"href":"https:\/\/cpcorella.educacion.navarra.es\/blogs\/wp-json\/wp\/v2\/posts\/2564\/revisions\/2565"}],"wp:attachment":[{"href":"https:\/\/cpcorella.educacion.navarra.es\/blogs\/wp-json\/wp\/v2\/media?parent=2564"}],"wp:term":[{"taxonomy":"category","embeddable":true,"href":"https:\/\/cpcorella.educacion.navarra.es\/blogs\/wp-json\/wp\/v2\/categories?post=2564"},{"taxonomy":"post_tag","embeddable":true,"href":"https:\/\/cpcorella.educacion.navarra.es\/blogs\/wp-json\/wp\/v2\/tags?post=2564"}],"curies":[{"name":"wp","href":"https:\/\/api.w.org\/{rel}","templated":true}]}}