{"id":2293,"date":"2014-11-17T15:48:39","date_gmt":"2014-11-17T14:48:39","guid":{"rendered":"http:\/\/cpcorella.educacion.navarra.es\/blogs\/?p=2293"},"modified":"2014-11-17T15:48:39","modified_gmt":"2014-11-17T14:48:39","slug":"elecciones-al-consejo-escolar","status":"publish","type":"post","link":"https:\/\/cpcorella.educacion.navarra.es\/blogs\/blog\/2014\/11\/17\/elecciones-al-consejo-escolar\/","title":{"rendered":"ELECCIONES AL CONSEJO ESCOLAR"},"content":{"rendered":"<p>&nbsp;<\/p>\n<p>&nbsp;<\/p>\n<p>Se informa a todo el profesorado, padres y madres de los plazos que se han establecido en el calendario del proceso electoral:<\/p>\n<p><strong>&#8211; Plazo de candidaturas: desde el 21 hasta el 27 de Noviembre.<\/strong><\/p>\n<p>&#8211; Publicaci\u00f3n de las listas de candidatos: 28 de noviembre<\/p>\n<p>*D\u00eda h\u00e1bil de reclamaciones: 1 de Diciembre.<\/p>\n<p>*Resoluci\u00f3n de reclamaciones: 9 de Diciembre.<\/p>\n<p>&#8211; Fechas de elecciones: 10 de diciembre, a las 13:45 h. en la sala de profesores.<\/p>\n<p>&nbsp;<\/p>\n<p>Corella, a <strong>17 de noviembre de 2014<\/strong><\/p>\n<p><strong>\u00a0<\/strong><\/p>\n<p><strong>EL PRESIDENTE DE LA JUNTA ELECTORAL<\/strong><\/p>\n<p><strong>\u00a0<\/strong><\/p>\n<p><strong>Fdo:\u00a0 Jes\u00fas Rodr\u00edguez Hern\u00e1ndez<\/strong><\/p>\n<p>EL COLEGIO ES DE TOD@S AN\u00cdMATE Y PARTICIPA.<\/p>\n","protected":false},"excerpt":{"rendered":"<p>&nbsp; &nbsp; Se informa a todo el profesorado, padres y madres de los plazos que se han establecido en el calendario del proceso electoral: &#8211; Plazo de candidaturas: desde el 21 hasta el 27 de Noviembre. &#8211; Publicaci\u00f3n de las listas de candidatos: 28 de noviembre *D\u00eda h\u00e1bil de reclamaciones: 1 de Diciembre. *Resoluci\u00f3n de &hellip; <\/p>\n<p><a class=\"more-link btn\" href=\"https:\/\/cpcorella.educacion.navarra.es\/blogs\/blog\/2014\/11\/17\/elecciones-al-consejo-escolar\/\">Continue reading<\/a><\/p>\n","protected":false},"author":6,"featured_media":0,"comment_status":"closed","ping_status":"closed","sticky":false,"template":"","format":"standard","meta":[],"categories":[1],"tags":[],"_links":{"self":[{"href":"https:\/\/cpcorella.educacion.navarra.es\/blogs\/wp-json\/wp\/v2\/posts\/2293"}],"collection":[{"href":"https:\/\/cpcorella.educacion.navarra.es\/blogs\/wp-json\/wp\/v2\/posts"}],"about":[{"href":"https:\/\/cpcorella.educacion.navarra.es\/blogs\/wp-json\/wp\/v2\/types\/post"}],"author":[{"embeddable":true,"href":"https:\/\/cpcorella.educacion.navarra.es\/blogs\/wp-json\/wp\/v2\/users\/6"}],"replies":[{"embeddable":true,"href":"https:\/\/cpcorella.educacion.navarra.es\/blogs\/wp-json\/wp\/v2\/comments?post=2293"}],"version-history":[{"count":1,"href":"https:\/\/cpcorella.educacion.navarra.es\/blogs\/wp-json\/wp\/v2\/posts\/2293\/revisions"}],"predecessor-version":[{"id":2294,"href":"https:\/\/cpcorella.educacion.navarra.es\/blogs\/wp-json\/wp\/v2\/posts\/2293\/revisions\/2294"}],"wp:attachment":[{"href":"https:\/\/cpcorella.educacion.navarra.es\/blogs\/wp-json\/wp\/v2\/media?parent=2293"}],"wp:term":[{"taxonomy":"category","embeddable":true,"href":"https:\/\/cpcorella.educacion.navarra.es\/blogs\/wp-json\/wp\/v2\/categories?post=2293"},{"taxonomy":"post_tag","embeddable":true,"href":"https:\/\/cpcorella.educacion.navarra.es\/blogs\/wp-json\/wp\/v2\/tags?post=2293"}],"curies":[{"name":"wp","href":"https:\/\/api.w.org\/{rel}","templated":true}]}}