{"id":2265,"date":"2014-10-27T10:37:46","date_gmt":"2014-10-27T09:37:46","guid":{"rendered":"http:\/\/cpcorella.educacion.navarra.es\/blogs\/?p=2265"},"modified":"2014-10-27T10:38:49","modified_gmt":"2014-10-27T09:38:49","slug":"educacion-vial-2","status":"publish","type":"post","link":"https:\/\/cpcorella.educacion.navarra.es\/blogs\/blog\/2014\/10\/27\/educacion-vial-2\/","title":{"rendered":"EDUCACI\u00d3N VIAL"},"content":{"rendered":"<p>A lo largo de esta pasada semana hemos disfrutado de la compa\u00f1\u00eda de cinco agentes de la Polic\u00eda Foral. Estos nos han ense\u00f1ado las normas de tr\u00e1fico y nos han impartido clases de Educaci\u00f3n Vial<\/p>\n<p>Los agente de la Policia Foral \u00a0impartieron la &#8216;Semana de la Educaci\u00f3n Vial&#8217; \u00a0del 20 \u00a0al 24 de octubre. Las jornadas estaban divididas en talleres, charlas y una pista de bicis,\u00a0donde los alumnos de 2\u00ba, 4\u00ba y 6\u00ba\u00a0pudieron poner a prueba sus conocimientos sobre normas y se\u00f1ales. Nuestro benjamines de infantil disfrutaron de un paseo en el coche de tr\u00e1fico, lo que m\u00e1s les gusto \u00abPONER LA SIRENA\u00bb<\/p>\n<p style=\"text-align: center;\"><a href=\"http:\/\/cpcorella.educacion.navarra.es\/blogs\/wp-content\/uploads\/2013\/11\/IMG_20131030_113952.jpg\"><img loading=\"lazy\" class=\" wp-image-1947 aligncenter\" src=\"http:\/\/cpcorella.educacion.navarra.es\/blogs\/wp-content\/uploads\/2013\/11\/IMG_20131030_113952.jpg\" alt=\"IMG_20131030_113952\" width=\"286\" height=\"229\" \/><\/a><\/p>\n<p>LA RESPUESTA A IR AL COLE EN BICI HA SIDO IMPRESIONANTE.<\/p>\n<p>Desde el centro dar las gracias a los agentes que tan amablemente nos han atendido y decirles que los esperamos el pr\u00f3ximo curso. MUCHAS GRACIAS.<\/p>\n<p>&nbsp;<\/p>\n<p>&nbsp;<\/p>\n","protected":false},"excerpt":{"rendered":"<p>A lo largo de esta pasada semana hemos disfrutado de la compa\u00f1\u00eda de cinco agentes de la Polic\u00eda Foral. Estos nos han ense\u00f1ado las normas de tr\u00e1fico y nos han impartido clases de Educaci\u00f3n Vial Los agente de la Policia Foral \u00a0impartieron la &#8216;Semana de la Educaci\u00f3n Vial&#8217; \u00a0del 20 \u00a0al 24 de octubre. Las &hellip; <\/p>\n<p><a class=\"more-link btn\" href=\"https:\/\/cpcorella.educacion.navarra.es\/blogs\/blog\/2014\/10\/27\/educacion-vial-2\/\">Continue reading<\/a><\/p>\n","protected":false},"author":6,"featured_media":0,"comment_status":"closed","ping_status":"closed","sticky":false,"template":"","format":"standard","meta":[],"categories":[1],"tags":[],"_links":{"self":[{"href":"https:\/\/cpcorella.educacion.navarra.es\/blogs\/wp-json\/wp\/v2\/posts\/2265"}],"collection":[{"href":"https:\/\/cpcorella.educacion.navarra.es\/blogs\/wp-json\/wp\/v2\/posts"}],"about":[{"href":"https:\/\/cpcorella.educacion.navarra.es\/blogs\/wp-json\/wp\/v2\/types\/post"}],"author":[{"embeddable":true,"href":"https:\/\/cpcorella.educacion.navarra.es\/blogs\/wp-json\/wp\/v2\/users\/6"}],"replies":[{"embeddable":true,"href":"https:\/\/cpcorella.educacion.navarra.es\/blogs\/wp-json\/wp\/v2\/comments?post=2265"}],"version-history":[{"count":2,"href":"https:\/\/cpcorella.educacion.navarra.es\/blogs\/wp-json\/wp\/v2\/posts\/2265\/revisions"}],"predecessor-version":[{"id":2267,"href":"https:\/\/cpcorella.educacion.navarra.es\/blogs\/wp-json\/wp\/v2\/posts\/2265\/revisions\/2267"}],"wp:attachment":[{"href":"https:\/\/cpcorella.educacion.navarra.es\/blogs\/wp-json\/wp\/v2\/media?parent=2265"}],"wp:term":[{"taxonomy":"category","embeddable":true,"href":"https:\/\/cpcorella.educacion.navarra.es\/blogs\/wp-json\/wp\/v2\/categories?post=2265"},{"taxonomy":"post_tag","embeddable":true,"href":"https:\/\/cpcorella.educacion.navarra.es\/blogs\/wp-json\/wp\/v2\/tags?post=2265"}],"curies":[{"name":"wp","href":"https:\/\/api.w.org\/{rel}","templated":true}]}}