{"id":2176,"date":"2014-06-09T13:30:17","date_gmt":"2014-06-09T11:30:17","guid":{"rendered":"http:\/\/cpcorella.educacion.navarra.es\/blogs\/?p=2176"},"modified":"2014-06-09T13:30:17","modified_gmt":"2014-06-09T11:30:17","slug":"somos-noticia-4","status":"publish","type":"post","link":"https:\/\/cpcorella.educacion.navarra.es\/blogs\/blog\/2014\/06\/09\/somos-noticia-4\/","title":{"rendered":"SOMOS NOTICIA"},"content":{"rendered":"<p><a href=\"http:\/\/dpto.educacion.navarra.es\/boletin\/docs\/arreserobot.pdf\"><img loading=\"lazy\" class=\"alignnone\" src=\"https:\/\/ci5.googleusercontent.com\/proxy\/NYhcBZ-3-Jvpv4S40NGdDvknypnXjSU6j0zPhYcKxn9OMr1z3a_XaAvqeMd2hArw0VQ87oJ8agIcLekmwyDat2NM-1FtNYVRim1ZUHIc7W6PhIQ=s0-d-e1-ft#http:\/\/dpto.educacion.navarra.es\/boletin\/boletines\/n1_833.jpg\" alt=\"\" width=\"428\" height=\"321\" \/><\/a>Informaci\u00f3n aparecida en el Bolet\u00edn de Educaci\u00f3n del departamento del Gobierno de Navarra.<\/p>\n<p>http:\/\/dpto.educacion.navarra.es\/boletin\/docs\/arreserobot.pdf<\/p>\n","protected":false},"excerpt":{"rendered":"<p>Informaci\u00f3n aparecida en el Bolet\u00edn de Educaci\u00f3n del departamento del Gobierno de Navarra. http:\/\/dpto.educacion.navarra.es\/boletin\/docs\/arreserobot.pdf<\/p>\n","protected":false},"author":6,"featured_media":0,"comment_status":"closed","ping_status":"closed","sticky":false,"template":"","format":"standard","meta":[],"categories":[1],"tags":[],"_links":{"self":[{"href":"https:\/\/cpcorella.educacion.navarra.es\/blogs\/wp-json\/wp\/v2\/posts\/2176"}],"collection":[{"href":"https:\/\/cpcorella.educacion.navarra.es\/blogs\/wp-json\/wp\/v2\/posts"}],"about":[{"href":"https:\/\/cpcorella.educacion.navarra.es\/blogs\/wp-json\/wp\/v2\/types\/post"}],"author":[{"embeddable":true,"href":"https:\/\/cpcorella.educacion.navarra.es\/blogs\/wp-json\/wp\/v2\/users\/6"}],"replies":[{"embeddable":true,"href":"https:\/\/cpcorella.educacion.navarra.es\/blogs\/wp-json\/wp\/v2\/comments?post=2176"}],"version-history":[{"count":1,"href":"https:\/\/cpcorella.educacion.navarra.es\/blogs\/wp-json\/wp\/v2\/posts\/2176\/revisions"}],"predecessor-version":[{"id":2177,"href":"https:\/\/cpcorella.educacion.navarra.es\/blogs\/wp-json\/wp\/v2\/posts\/2176\/revisions\/2177"}],"wp:attachment":[{"href":"https:\/\/cpcorella.educacion.navarra.es\/blogs\/wp-json\/wp\/v2\/media?parent=2176"}],"wp:term":[{"taxonomy":"category","embeddable":true,"href":"https:\/\/cpcorella.educacion.navarra.es\/blogs\/wp-json\/wp\/v2\/categories?post=2176"},{"taxonomy":"post_tag","embeddable":true,"href":"https:\/\/cpcorella.educacion.navarra.es\/blogs\/wp-json\/wp\/v2\/tags?post=2176"}],"curies":[{"name":"wp","href":"https:\/\/api.w.org\/{rel}","templated":true}]}}