{"id":2115,"date":"2014-04-28T15:50:36","date_gmt":"2014-04-28T13:50:36","guid":{"rendered":"http:\/\/cpcorella.educacion.navarra.es\/blogs\/?p=2115"},"modified":"2014-04-28T15:53:15","modified_gmt":"2014-04-28T13:53:15","slug":"2115","status":"publish","type":"post","link":"https:\/\/cpcorella.educacion.navarra.es\/blogs\/blog\/2014\/04\/28\/2115\/","title":{"rendered":"PLAN DE CONSUMO DE FRUTAS EN LAS ESCUELAS"},"content":{"rendered":"<p>Hoy hemos comenzado con el reparto del\u00a0PLAN DE CONSUMO DE FRUTA Y\u00a0VERDURA \u00a0EN LAS ESCUELAS \u00a02013-2014.<\/p>\n<p>Para empezar, los ni\u00f1os y ni\u00f1as de infantil sacar\u00e1n hoy unas deliciosas fresas para merendar. Esperemos que se las coman todas y no dejen ninguna.<\/p>\n<p>El centro se inscribi\u00f3 en este plan con la finalidad de aportar nuestro granito de arena a una alimentaci\u00f3n sana y equilibrada para nuestr@s alumn@s y de paso proporcionar estos ricos alimentos a los que en estos tiempos duros no puede adquirirlos.<\/p>\n<p><img loading=\"lazy\" class=\"aligncenter\" src=\"http:\/\/www.cplasfuentes.org\/frutas\/frutas.jpg\" alt=\"\" width=\"245\" height=\"343\" \/><\/p>\n","protected":false},"excerpt":{"rendered":"<p>Hoy hemos comenzado con el reparto del\u00a0PLAN DE CONSUMO DE FRUTA Y\u00a0VERDURA \u00a0EN LAS ESCUELAS \u00a02013-2014. Para empezar, los ni\u00f1os y ni\u00f1as de infantil sacar\u00e1n hoy unas deliciosas fresas para merendar. Esperemos que se las coman todas y no dejen ninguna. El centro se inscribi\u00f3 en este plan con la finalidad de aportar nuestro granito &hellip; <\/p>\n<p><a class=\"more-link btn\" href=\"https:\/\/cpcorella.educacion.navarra.es\/blogs\/blog\/2014\/04\/28\/2115\/\">Continue reading<\/a><\/p>\n","protected":false},"author":6,"featured_media":0,"comment_status":"closed","ping_status":"closed","sticky":false,"template":"","format":"standard","meta":[],"categories":[1],"tags":[],"_links":{"self":[{"href":"https:\/\/cpcorella.educacion.navarra.es\/blogs\/wp-json\/wp\/v2\/posts\/2115"}],"collection":[{"href":"https:\/\/cpcorella.educacion.navarra.es\/blogs\/wp-json\/wp\/v2\/posts"}],"about":[{"href":"https:\/\/cpcorella.educacion.navarra.es\/blogs\/wp-json\/wp\/v2\/types\/post"}],"author":[{"embeddable":true,"href":"https:\/\/cpcorella.educacion.navarra.es\/blogs\/wp-json\/wp\/v2\/users\/6"}],"replies":[{"embeddable":true,"href":"https:\/\/cpcorella.educacion.navarra.es\/blogs\/wp-json\/wp\/v2\/comments?post=2115"}],"version-history":[{"count":4,"href":"https:\/\/cpcorella.educacion.navarra.es\/blogs\/wp-json\/wp\/v2\/posts\/2115\/revisions"}],"predecessor-version":[{"id":2119,"href":"https:\/\/cpcorella.educacion.navarra.es\/blogs\/wp-json\/wp\/v2\/posts\/2115\/revisions\/2119"}],"wp:attachment":[{"href":"https:\/\/cpcorella.educacion.navarra.es\/blogs\/wp-json\/wp\/v2\/media?parent=2115"}],"wp:term":[{"taxonomy":"category","embeddable":true,"href":"https:\/\/cpcorella.educacion.navarra.es\/blogs\/wp-json\/wp\/v2\/categories?post=2115"},{"taxonomy":"post_tag","embeddable":true,"href":"https:\/\/cpcorella.educacion.navarra.es\/blogs\/wp-json\/wp\/v2\/tags?post=2115"}],"curies":[{"name":"wp","href":"https:\/\/api.w.org\/{rel}","templated":true}]}}