{"id":2113,"date":"2014-04-28T15:05:21","date_gmt":"2014-04-28T13:05:21","guid":{"rendered":"http:\/\/cpcorella.educacion.navarra.es\/blogs\/?p=2113"},"modified":"2014-04-28T15:05:21","modified_gmt":"2014-04-28T13:05:21","slug":"dia-del-arbol","status":"publish","type":"post","link":"https:\/\/cpcorella.educacion.navarra.es\/blogs\/blog\/2014\/04\/28\/dia-del-arbol\/","title":{"rendered":"D\u00cdA DEL \u00c1RBOL"},"content":{"rendered":"<p>El mi\u00e9rcoles 16 de abril, celebramos el \u201cD\u00eda del \u00e1rbol\u201d. Para ello, el colegio \u00a0preparado una serie de actividades.<\/p>\n<p>INFANTIL Y PRIMARIA:<\/p>\n<ul>\n<li>Plantaci\u00f3n de Romero: se realiz\u00f3 a lo largo de la semana del mi\u00e9rcoles 19 al viernes 21, se recogieron en clase los bricks para la siembra. Estos cumpl\u00edan las siguientes caracter\u00edsticas:<\/li>\n<\/ul>\n<p>\u00fc\u00a0 Un pu\u00f1adito de gravilla.<\/p>\n<p>\u00fc\u00a0 Unos agujeritos en la base.<\/p>\n<p>\u00fc\u00a0 El brick cortado aproximadamente por la mitad.<\/p>\n<p>&nbsp;<\/p>\n<ul>\n<li>Plantaci\u00f3n de encinas: La plantaci\u00f3n se\u00a0realiz\u00f3 el mi\u00e9rcoles 16\u00a0\u00a0 \u00a0de abril (\u00faltimo d\u00eda de clase antes del Vacaciones).<\/li>\n<\/ul>\n<p>El lugar de la plantaci\u00f3n estaba situado en\u00a0 \u201cEl Ombatillo\u201d.<\/p>\n<p>L@s alumn@s iban saliendo en el orden establecido, ya sea andando o en el tren.<\/p>\n<p>&nbsp;<\/p>\n<p>L@s alumn@s llevaron su almuerzo y agua, en la plantaci\u00f3n se les obsequi\u00f3 con un pincho de chistorra o de salchicha de pollo.<\/p>\n<p>Os dejamos unas fotos:<br \/>\n<embed type=\"application\/x-shockwave-flash\" src=\"https:\/\/photos.gstatic.com\/media\/slideshow.swf\" width=\"600\" height=\"400\" flashvars=\"host=picasaweb.google.com&#038;hl=es&#038;feat=flashalbum&#038;RGB=0x000000&#038;feed=https%3A%2F%2Fpicasaweb.google.com%2Fdata%2Ffeed%2Fapi%2Fuser%2F112250688384358093948%2Falbumid%2F6007294343231428225%3Falt%3Drss%26kind%3Dphoto%26hl%3Des\" pluginspage=\"http:\/\/www.macromedia.com\/go\/getflashplayer\"><\/embed><\/p>\n","protected":false},"excerpt":{"rendered":"<p>El mi\u00e9rcoles 16 de abril, celebramos el \u201cD\u00eda del \u00e1rbol\u201d. Para ello, el colegio \u00a0preparado una serie de actividades. INFANTIL Y PRIMARIA: Plantaci\u00f3n de Romero: se realiz\u00f3 a lo largo de la semana del mi\u00e9rcoles 19 al viernes 21, se recogieron en clase los bricks para la siembra. Estos cumpl\u00edan las siguientes caracter\u00edsticas: \u00fc\u00a0 Un &hellip; <\/p>\n<p><a class=\"more-link btn\" href=\"https:\/\/cpcorella.educacion.navarra.es\/blogs\/blog\/2014\/04\/28\/dia-del-arbol\/\">Continue reading<\/a><\/p>\n","protected":false},"author":6,"featured_media":0,"comment_status":"closed","ping_status":"closed","sticky":false,"template":"","format":"standard","meta":[],"categories":[1],"tags":[],"_links":{"self":[{"href":"https:\/\/cpcorella.educacion.navarra.es\/blogs\/wp-json\/wp\/v2\/posts\/2113"}],"collection":[{"href":"https:\/\/cpcorella.educacion.navarra.es\/blogs\/wp-json\/wp\/v2\/posts"}],"about":[{"href":"https:\/\/cpcorella.educacion.navarra.es\/blogs\/wp-json\/wp\/v2\/types\/post"}],"author":[{"embeddable":true,"href":"https:\/\/cpcorella.educacion.navarra.es\/blogs\/wp-json\/wp\/v2\/users\/6"}],"replies":[{"embeddable":true,"href":"https:\/\/cpcorella.educacion.navarra.es\/blogs\/wp-json\/wp\/v2\/comments?post=2113"}],"version-history":[{"count":1,"href":"https:\/\/cpcorella.educacion.navarra.es\/blogs\/wp-json\/wp\/v2\/posts\/2113\/revisions"}],"predecessor-version":[{"id":2114,"href":"https:\/\/cpcorella.educacion.navarra.es\/blogs\/wp-json\/wp\/v2\/posts\/2113\/revisions\/2114"}],"wp:attachment":[{"href":"https:\/\/cpcorella.educacion.navarra.es\/blogs\/wp-json\/wp\/v2\/media?parent=2113"}],"wp:term":[{"taxonomy":"category","embeddable":true,"href":"https:\/\/cpcorella.educacion.navarra.es\/blogs\/wp-json\/wp\/v2\/categories?post=2113"},{"taxonomy":"post_tag","embeddable":true,"href":"https:\/\/cpcorella.educacion.navarra.es\/blogs\/wp-json\/wp\/v2\/tags?post=2113"}],"curies":[{"name":"wp","href":"https:\/\/api.w.org\/{rel}","templated":true}]}}