{"id":2086,"date":"2014-03-20T17:35:59","date_gmt":"2014-03-20T16:35:59","guid":{"rendered":"http:\/\/cpcorella.educacion.navarra.es\/blogs\/?p=2086"},"modified":"2014-03-20T17:36:12","modified_gmt":"2014-03-20T16:36:12","slug":"actividades-del-arbol","status":"publish","type":"post","link":"https:\/\/cpcorella.educacion.navarra.es\/blogs\/blog\/2014\/03\/20\/actividades-del-arbol\/","title":{"rendered":"ACTIVIDADES DEL \u00c1RBOL"},"content":{"rendered":"<p>Ya hemos comenzado con las actividades del \u00e1rbol de este curso. Hoy hemos comenzado a preparar las plantas para el pr\u00f3ximo curso.<\/p>\n<p>Os dejamos un \u00e1lbum de fotos de como hemos preparado el romero del pr\u00f3ximo curso.<\/p>\n<p><embed type=\"application\/x-shockwave-flash\" src=\"https:\/\/photos.gstatic.com\/media\/slideshow.swf\" width=\"600\" height=\"400\" flashvars=\"host=picasaweb.google.com&#038;hl=es&#038;feat=flashalbum&#038;RGB=0x000000&#038;feed=https%3A%2F%2Fpicasaweb.google.com%2Fdata%2Ffeed%2Fapi%2Fuser%2F112250688384358093948%2Falbumid%2F5992909398015856241%3Falt%3Drss%26kind%3Dphoto%26hl%3Des\" pluginspage=\"http:\/\/www.macromedia.com\/go\/getflashplayer\"><\/embed><br \/>\n&nbsp;<\/p>\n","protected":false},"excerpt":{"rendered":"<p>Ya hemos comenzado con las actividades del \u00e1rbol de este curso. Hoy hemos comenzado a preparar las plantas para el pr\u00f3ximo curso. Os dejamos un \u00e1lbum de fotos de como hemos preparado el romero del pr\u00f3ximo curso. &nbsp;<\/p>\n","protected":false},"author":6,"featured_media":0,"comment_status":"closed","ping_status":"closed","sticky":false,"template":"","format":"standard","meta":[],"categories":[4,1,24],"tags":[],"_links":{"self":[{"href":"https:\/\/cpcorella.educacion.navarra.es\/blogs\/wp-json\/wp\/v2\/posts\/2086"}],"collection":[{"href":"https:\/\/cpcorella.educacion.navarra.es\/blogs\/wp-json\/wp\/v2\/posts"}],"about":[{"href":"https:\/\/cpcorella.educacion.navarra.es\/blogs\/wp-json\/wp\/v2\/types\/post"}],"author":[{"embeddable":true,"href":"https:\/\/cpcorella.educacion.navarra.es\/blogs\/wp-json\/wp\/v2\/users\/6"}],"replies":[{"embeddable":true,"href":"https:\/\/cpcorella.educacion.navarra.es\/blogs\/wp-json\/wp\/v2\/comments?post=2086"}],"version-history":[{"count":1,"href":"https:\/\/cpcorella.educacion.navarra.es\/blogs\/wp-json\/wp\/v2\/posts\/2086\/revisions"}],"predecessor-version":[{"id":2087,"href":"https:\/\/cpcorella.educacion.navarra.es\/blogs\/wp-json\/wp\/v2\/posts\/2086\/revisions\/2087"}],"wp:attachment":[{"href":"https:\/\/cpcorella.educacion.navarra.es\/blogs\/wp-json\/wp\/v2\/media?parent=2086"}],"wp:term":[{"taxonomy":"category","embeddable":true,"href":"https:\/\/cpcorella.educacion.navarra.es\/blogs\/wp-json\/wp\/v2\/categories?post=2086"},{"taxonomy":"post_tag","embeddable":true,"href":"https:\/\/cpcorella.educacion.navarra.es\/blogs\/wp-json\/wp\/v2\/tags?post=2086"}],"curies":[{"name":"wp","href":"https:\/\/api.w.org\/{rel}","templated":true}]}}