{"id":2012,"date":"2013-12-13T13:41:43","date_gmt":"2013-12-13T12:41:43","guid":{"rendered":"http:\/\/cpcorella.educacion.navarra.es\/blogs\/?p=2012"},"modified":"2013-12-13T13:41:43","modified_gmt":"2013-12-13T12:41:43","slug":"simulacro-de-evacuacion-2","status":"publish","type":"post","link":"https:\/\/cpcorella.educacion.navarra.es\/blogs\/blog\/2013\/12\/13\/simulacro-de-evacuacion-2\/","title":{"rendered":"SIMULACRO DE EVACUACI\u00d3N"},"content":{"rendered":"<p><strong>EDIFICIO INFANTIL<br \/>\n<\/strong><\/p>\n<p>El d\u00eda 13 de DICIEMBRE de 2013 se ha llevado a cabo en el edificio\u00a0de\u00a0<strong>Infantil<\/strong>, el ejercicio de evacuaci\u00f3n del centro previsto para el curso 13-14.<\/p>\n<p>Este a\u00f1o el ejercicio de evacuaci\u00f3n se ha realizado por la ma\u00f1ana en el Centro de Educaci\u00f3n Infantil, todo se ha desarrollado con total normalidad. Dar el aviso del desalojo del Centro es la parte m\u00e1s complicada ya que continua sin tener instalada una sirena o timbre de aviso.<\/p>\n<p>El tiempo invertido en el desalojo ha sido de 1&#8242; 56\u00bb. La evacuaci\u00f3n de las aulas se ha realizado en 35&#8243; y el resto del tiempo ha sido empleado en salir del complejo del Colegio.<\/p>\n<p>El n\u00famero de alumnos\/as desalojados ha sido de 225.<\/p>\n<p>No ha habido incidencias rese\u00f1ables.<\/p>\n<p>Todos los\/as alumnos\/as han realizado el simulacro.<\/p>\n<p><strong>EDIFICIO PRIMARIA<br \/>\n<\/strong><\/p>\n<p>El d\u00eda 13 de DICIEMBRE de 2013 se ha llevado a cabo en el edificio de\u00a0<strong>Primaria<\/strong>\u00a0el ejercicio de evacuaci\u00f3n del centro previsto para el curso 13-14.<\/p>\n<p><strong>Para este ejercicio se ha planteado el supuesto de que la escalera de la zona de calderas ha quedado inutilizada.<br \/>\n<\/strong><\/p>\n<p>El tiempo invertido en el desalojo ha sido de 2,05&#8243;<\/p>\n<p>El n\u00famero de alumnos desalojados ha sido de 460.<\/p>\n<p>Los\/as ni\u00f1os\/as han mantenido la calma en todo momento y han abandonado el edificio con mucho orden.<\/p>\n","protected":false},"excerpt":{"rendered":"<p>EDIFICIO INFANTIL El d\u00eda 13 de DICIEMBRE de 2013 se ha llevado a cabo en el edificio\u00a0de\u00a0Infantil, el ejercicio de evacuaci\u00f3n del centro previsto para el curso 13-14. Este a\u00f1o el ejercicio de evacuaci\u00f3n se ha realizado por la ma\u00f1ana en el Centro de Educaci\u00f3n Infantil, todo se ha desarrollado con total normalidad. Dar el &hellip; <\/p>\n<p><a class=\"more-link btn\" href=\"https:\/\/cpcorella.educacion.navarra.es\/blogs\/blog\/2013\/12\/13\/simulacro-de-evacuacion-2\/\">Continue reading<\/a><\/p>\n","protected":false},"author":6,"featured_media":0,"comment_status":"closed","ping_status":"closed","sticky":false,"template":"","format":"standard","meta":[],"categories":[1],"tags":[],"_links":{"self":[{"href":"https:\/\/cpcorella.educacion.navarra.es\/blogs\/wp-json\/wp\/v2\/posts\/2012"}],"collection":[{"href":"https:\/\/cpcorella.educacion.navarra.es\/blogs\/wp-json\/wp\/v2\/posts"}],"about":[{"href":"https:\/\/cpcorella.educacion.navarra.es\/blogs\/wp-json\/wp\/v2\/types\/post"}],"author":[{"embeddable":true,"href":"https:\/\/cpcorella.educacion.navarra.es\/blogs\/wp-json\/wp\/v2\/users\/6"}],"replies":[{"embeddable":true,"href":"https:\/\/cpcorella.educacion.navarra.es\/blogs\/wp-json\/wp\/v2\/comments?post=2012"}],"version-history":[{"count":1,"href":"https:\/\/cpcorella.educacion.navarra.es\/blogs\/wp-json\/wp\/v2\/posts\/2012\/revisions"}],"predecessor-version":[{"id":2013,"href":"https:\/\/cpcorella.educacion.navarra.es\/blogs\/wp-json\/wp\/v2\/posts\/2012\/revisions\/2013"}],"wp:attachment":[{"href":"https:\/\/cpcorella.educacion.navarra.es\/blogs\/wp-json\/wp\/v2\/media?parent=2012"}],"wp:term":[{"taxonomy":"category","embeddable":true,"href":"https:\/\/cpcorella.educacion.navarra.es\/blogs\/wp-json\/wp\/v2\/categories?post=2012"},{"taxonomy":"post_tag","embeddable":true,"href":"https:\/\/cpcorella.educacion.navarra.es\/blogs\/wp-json\/wp\/v2\/tags?post=2012"}],"curies":[{"name":"wp","href":"https:\/\/api.w.org\/{rel}","templated":true}]}}