{"id":1998,"date":"2013-11-27T20:01:40","date_gmt":"2013-11-27T19:01:40","guid":{"rendered":"http:\/\/cpcorella.educacion.navarra.es\/blogs\/?p=1998"},"modified":"2013-12-13T13:42:08","modified_gmt":"2013-12-13T12:42:08","slug":"gracias-javier","status":"publish","type":"post","link":"https:\/\/cpcorella.educacion.navarra.es\/blogs\/blog\/2013\/11\/27\/gracias-javier\/","title":{"rendered":"GRACIAS JAVIER"},"content":{"rendered":"<div><a href=\"http:\/\/cpcorella.educacion.navarra.es\/blogs\/wp-content\/uploads\/2013\/11\/COMEDOR-INFANTIL-ABRIL-2011-092.jpg\"><img loading=\"lazy\" class=\"wp-image-2002 alignnone\" alt=\"COMEDOR INFANTIL ABRIL 2011 092\" src=\"http:\/\/cpcorella.educacion.navarra.es\/blogs\/wp-content\/uploads\/2013\/11\/COMEDOR-INFANTIL-ABRIL-2011-092.jpg\" width=\"400\" height=\"300\" \/><\/a><\/div>\n<div><\/div>\n<div>El 3 de diciembre, coincidiendo con la festividad de San Francisco Javier, precisamente se nos jubila Javier.<\/div>\n<div>No hay padre, madre, ni\u00f1o o ni\u00f1a de Corella que junto a todo el profesorado del colegio no lo vaya a echar de menos. Son muchos los a\u00f1os que llevamos dependiendo de \u00e9l. Siempre que vas a que te haga una fotocopia te sonr\u00ede, cuando le dejas alguna plastificaci\u00f3n te mira con cara de ternura.<\/div>\n<div>La verdad es que no sabemos que vamos a hacer sin \u00e9l. Son muchos los a\u00f1os que hemos dependido de su buen hacer y de su saber estar. Cuando llegas al colegio siempre est\u00e1 pendiente de que est\u00e9 la calefacci\u00f3n en funcionamiento y el centro en perfecto orden. Son muchas las palabras que me vienen a la cabeza y muchos los recuerdos, pero todos agradables y de gratitud.<\/div>\n<div>Este a\u00f1o no tenemos su bel\u00e9n, pero el pr\u00f3ximo a\u00f1o lo esperaremos con los brazos abiertos para que nos lo ponga.<\/div>\n<div>En f\u00edn, Javier, te vamos a a\u00f1orar, sabemos que tu descanso es bien merecido, que la persona que venga lo har\u00e1 muy bien, pero no ser\u00e1s t\u00fa.<\/div>\n<div>En nombre de toda la comunidad educativa del colegio de Corella MUCHAS GRACIAS.<\/div>\n","protected":false},"excerpt":{"rendered":"<p>El 3 de diciembre, coincidiendo con la festividad de San Francisco Javier, precisamente se nos jubila Javier. No hay padre, madre, ni\u00f1o o ni\u00f1a de Corella que junto a todo el profesorado del colegio no lo vaya a echar de menos. Son muchos los a\u00f1os que llevamos dependiendo de \u00e9l. Siempre que vas a que &hellip; <\/p>\n<p><a class=\"more-link btn\" href=\"https:\/\/cpcorella.educacion.navarra.es\/blogs\/blog\/2013\/11\/27\/gracias-javier\/\">Continue reading<\/a><\/p>\n","protected":false},"author":6,"featured_media":0,"comment_status":"closed","ping_status":"closed","sticky":false,"template":"","format":"standard","meta":[],"categories":[1],"tags":[],"_links":{"self":[{"href":"https:\/\/cpcorella.educacion.navarra.es\/blogs\/wp-json\/wp\/v2\/posts\/1998"}],"collection":[{"href":"https:\/\/cpcorella.educacion.navarra.es\/blogs\/wp-json\/wp\/v2\/posts"}],"about":[{"href":"https:\/\/cpcorella.educacion.navarra.es\/blogs\/wp-json\/wp\/v2\/types\/post"}],"author":[{"embeddable":true,"href":"https:\/\/cpcorella.educacion.navarra.es\/blogs\/wp-json\/wp\/v2\/users\/6"}],"replies":[{"embeddable":true,"href":"https:\/\/cpcorella.educacion.navarra.es\/blogs\/wp-json\/wp\/v2\/comments?post=1998"}],"version-history":[{"count":4,"href":"https:\/\/cpcorella.educacion.navarra.es\/blogs\/wp-json\/wp\/v2\/posts\/1998\/revisions"}],"predecessor-version":[{"id":2005,"href":"https:\/\/cpcorella.educacion.navarra.es\/blogs\/wp-json\/wp\/v2\/posts\/1998\/revisions\/2005"}],"wp:attachment":[{"href":"https:\/\/cpcorella.educacion.navarra.es\/blogs\/wp-json\/wp\/v2\/media?parent=1998"}],"wp:term":[{"taxonomy":"category","embeddable":true,"href":"https:\/\/cpcorella.educacion.navarra.es\/blogs\/wp-json\/wp\/v2\/categories?post=1998"},{"taxonomy":"post_tag","embeddable":true,"href":"https:\/\/cpcorella.educacion.navarra.es\/blogs\/wp-json\/wp\/v2\/tags?post=1998"}],"curies":[{"name":"wp","href":"https:\/\/api.w.org\/{rel}","templated":true}]}}