{"id":1946,"date":"2013-11-04T20:07:49","date_gmt":"2013-11-04T19:07:49","guid":{"rendered":"http:\/\/cpcorella.educacion.navarra.es\/blogs\/?p=1946"},"modified":"2013-11-06T14:42:23","modified_gmt":"2013-11-06T13:42:23","slug":"educacion-vial","status":"publish","type":"post","link":"https:\/\/cpcorella.educacion.navarra.es\/blogs\/blog\/2013\/11\/04\/educacion-vial\/","title":{"rendered":"EDUCACI\u00d3N VIAL"},"content":{"rendered":"<p>A lo largo de esta pasada semana hemos disfrutado de la compa\u00f1\u00eda de cinco agentes de la Polic\u00eda Foral. Estos nos han ense\u00f1ado las normas de tr\u00e1fico y nos han impartido clases de Educaci\u00f3n Vial.<\/p>\n<p style=\"text-align: center;\"><a href=\"http:\/\/cpcorella.educacion.navarra.es\/blogs\/wp-content\/uploads\/2013\/11\/IMG_20131030_113952.jpg\"><img loading=\"lazy\" class=\" wp-image-1947 aligncenter\" alt=\"IMG_20131030_113952\" src=\"http:\/\/cpcorella.educacion.navarra.es\/blogs\/wp-content\/uploads\/2013\/11\/IMG_20131030_113952.jpg\" width=\"475\" height=\"381\" \/><\/a><\/p>\n<p>LA RESPUESTA A IR AL COLE EN BICI HA SIDO IMPRESIONANTE.<\/p>\n","protected":false},"excerpt":{"rendered":"<p>A lo largo de esta pasada semana hemos disfrutado de la compa\u00f1\u00eda de cinco agentes de la Polic\u00eda Foral. Estos nos han ense\u00f1ado las normas de tr\u00e1fico y nos han impartido clases de Educaci\u00f3n Vial. LA RESPUESTA A IR AL COLE EN BICI HA SIDO IMPRESIONANTE.<\/p>\n","protected":false},"author":6,"featured_media":0,"comment_status":"closed","ping_status":"closed","sticky":false,"template":"","format":"standard","meta":[],"categories":[4,1,24],"tags":[],"_links":{"self":[{"href":"https:\/\/cpcorella.educacion.navarra.es\/blogs\/wp-json\/wp\/v2\/posts\/1946"}],"collection":[{"href":"https:\/\/cpcorella.educacion.navarra.es\/blogs\/wp-json\/wp\/v2\/posts"}],"about":[{"href":"https:\/\/cpcorella.educacion.navarra.es\/blogs\/wp-json\/wp\/v2\/types\/post"}],"author":[{"embeddable":true,"href":"https:\/\/cpcorella.educacion.navarra.es\/blogs\/wp-json\/wp\/v2\/users\/6"}],"replies":[{"embeddable":true,"href":"https:\/\/cpcorella.educacion.navarra.es\/blogs\/wp-json\/wp\/v2\/comments?post=1946"}],"version-history":[{"count":2,"href":"https:\/\/cpcorella.educacion.navarra.es\/blogs\/wp-json\/wp\/v2\/posts\/1946\/revisions"}],"predecessor-version":[{"id":1957,"href":"https:\/\/cpcorella.educacion.navarra.es\/blogs\/wp-json\/wp\/v2\/posts\/1946\/revisions\/1957"}],"wp:attachment":[{"href":"https:\/\/cpcorella.educacion.navarra.es\/blogs\/wp-json\/wp\/v2\/media?parent=1946"}],"wp:term":[{"taxonomy":"category","embeddable":true,"href":"https:\/\/cpcorella.educacion.navarra.es\/blogs\/wp-json\/wp\/v2\/categories?post=1946"},{"taxonomy":"post_tag","embeddable":true,"href":"https:\/\/cpcorella.educacion.navarra.es\/blogs\/wp-json\/wp\/v2\/tags?post=1946"}],"curies":[{"name":"wp","href":"https:\/\/api.w.org\/{rel}","templated":true}]}}