{"id":1818,"date":"2013-10-04T13:22:20","date_gmt":"2013-10-04T11:22:20","guid":{"rendered":"http:\/\/cpcorella.educacion.navarra.es\/blogs\/?p=1818"},"modified":"2013-10-04T13:22:20","modified_gmt":"2013-10-04T11:22:20","slug":"somos-noticia-2","status":"publish","type":"post","link":"https:\/\/cpcorella.educacion.navarra.es\/blogs\/blog\/2013\/10\/04\/somos-noticia-2\/","title":{"rendered":"SOMOS NOTICIA"},"content":{"rendered":"<p>Noticia aparecida en diferentes medios de comunicaci\u00f3n.<\/p>\n<p>Aprovechamos para recordaros que pod\u00e9is seguir trayendo ordenadores y daros las gracias por vuestra fant\u00e1stica colaboraci\u00f3n.<\/p>\n<p><a href=\"http:\/\/www.navarra.es\/home_es\/Actualidad\/Sala+de+prensa\/Noticias\/2013\/10\/03\/colegio+publico+jose+luis+arrese+corella+recogida+reciclaje+reutilizacion+ordenadores+navarra+2013.htm\"><img loading=\"lazy\" class=\"alignleft  wp-image-1359\" alt=\"012113_2112_76.png\" src=\"http:\/\/cpcorella.educacion.navarra.es\/blogs\/wp-content\/uploads\/2013\/01\/012113_2112_76.png\" width=\"100\" height=\"100\" \/><\/a><\/p>\n<p><a href=\"http:\/\/www.navarra.es\/home_es\/Actualidad\/Sala+de+prensa\/Noticias\/2013\/10\/03\/colegio+publico+jose+luis+arrese+corella+recogida+reciclaje+reutilizacion+ordenadores+navarra+2013.htm\">\u00a0<\/a><\/p>\n<h1><\/h1>\n<h1>El colegio p\u00fablico de Corella\u00a0inicia la\u00a02\u00aa edici\u00f3n de la\u00a0campa\u00f1a de recogida de ordenadores para su reciclajejueves, 03 de octubre de 2013<\/h1>\n<p>&nbsp;<\/p>\n<p>El curso pasado, se recuperaron 26 PCs a partir de aparatos donados<\/p>\n<p>&nbsp;<\/p>\n<div><\/div>\n<p>El\u00a0<a href=\"http:\/\/cpcorella.educacion.navarra.es\/blogs\/\">colegio p\u00fablico Jos\u00e9 Luis Arrese<\/a>, de Corella,\u00a0ha iniciado por segundo curso consecutivo una campa\u00f1a de recogida de ordenadores usados para su posterior reciclaje por parte del personal del centro y reutilizaci\u00f3n por los alumnos y profesionales del colegio.<\/p>\n<p>Las personas y empresas interesadas en colaborar se deben poner en contacto con el centro, en el n\u00famero de tel\u00e9fono 948 780 217 o en el correo electr\u00f3nico\u00a0<a href=\"mailto:cpcorell@educacion.navarra.es\">cpcorell@educacion.navarra.es<\/a>.<\/p>\n<p>En su primer a\u00f1o de implantaci\u00f3n, el programa permiti\u00f3 recuperar un total de 26 PCs a partir de aparatos entregados, de los que nueve fueron donados por el Departamento de Educaci\u00f3n.<\/p>\n<p>Con ellos, se cre\u00f3 una nueva aula de inform\u00e1tica dotada con 9 ordenadores y se ampli\u00f3 a 26 la que exist\u00eda, lo que ha permitido habilitar una computadora por ni\u00f1o en cada clase. El resto de ordenadores fueron instalados en la biblioteca, el laboratorio, el aula de minor\u00edas, el sal\u00f3n de actos, la sala de profesores y los despachos de la pedagoga y de la logopeda. Ahora todos los tutores y especialistas tienen su propio PC.<\/p>\n<p>La iniciativa tiene por objeto inculcar en los j\u00f3venes los valores del reciclaje y de la solidaridad. Adem\u00e1s, ha permitido destinar el dinero presupuestado para ordenadores a la adquisici\u00f3n de otros materiales, como ca\u00f1ones y fuentes de alimentaci\u00f3n.<\/p>\n","protected":false},"excerpt":{"rendered":"<p>Noticia aparecida en diferentes medios de comunicaci\u00f3n. Aprovechamos para recordaros que pod\u00e9is seguir trayendo ordenadores y daros las gracias por vuestra fant\u00e1stica colaboraci\u00f3n. \u00a0 El colegio p\u00fablico de Corella\u00a0inicia la\u00a02\u00aa edici\u00f3n de la\u00a0campa\u00f1a de recogida de ordenadores para su reciclajejueves, 03 de octubre de 2013 &nbsp; El curso pasado, se recuperaron 26 PCs a partir &hellip; <\/p>\n<p><a class=\"more-link btn\" href=\"https:\/\/cpcorella.educacion.navarra.es\/blogs\/blog\/2013\/10\/04\/somos-noticia-2\/\">Continue reading<\/a><\/p>\n","protected":false},"author":6,"featured_media":0,"comment_status":"closed","ping_status":"closed","sticky":false,"template":"","format":"standard","meta":[],"categories":[1],"tags":[],"_links":{"self":[{"href":"https:\/\/cpcorella.educacion.navarra.es\/blogs\/wp-json\/wp\/v2\/posts\/1818"}],"collection":[{"href":"https:\/\/cpcorella.educacion.navarra.es\/blogs\/wp-json\/wp\/v2\/posts"}],"about":[{"href":"https:\/\/cpcorella.educacion.navarra.es\/blogs\/wp-json\/wp\/v2\/types\/post"}],"author":[{"embeddable":true,"href":"https:\/\/cpcorella.educacion.navarra.es\/blogs\/wp-json\/wp\/v2\/users\/6"}],"replies":[{"embeddable":true,"href":"https:\/\/cpcorella.educacion.navarra.es\/blogs\/wp-json\/wp\/v2\/comments?post=1818"}],"version-history":[{"count":1,"href":"https:\/\/cpcorella.educacion.navarra.es\/blogs\/wp-json\/wp\/v2\/posts\/1818\/revisions"}],"predecessor-version":[{"id":1819,"href":"https:\/\/cpcorella.educacion.navarra.es\/blogs\/wp-json\/wp\/v2\/posts\/1818\/revisions\/1819"}],"wp:attachment":[{"href":"https:\/\/cpcorella.educacion.navarra.es\/blogs\/wp-json\/wp\/v2\/media?parent=1818"}],"wp:term":[{"taxonomy":"category","embeddable":true,"href":"https:\/\/cpcorella.educacion.navarra.es\/blogs\/wp-json\/wp\/v2\/categories?post=1818"},{"taxonomy":"post_tag","embeddable":true,"href":"https:\/\/cpcorella.educacion.navarra.es\/blogs\/wp-json\/wp\/v2\/tags?post=1818"}],"curies":[{"name":"wp","href":"https:\/\/api.w.org\/{rel}","templated":true}]}}