{"id":1788,"date":"2013-09-16T11:44:53","date_gmt":"2013-09-16T09:44:53","guid":{"rendered":"http:\/\/cpcorella.educacion.navarra.es\/blogs\/?p=1788"},"modified":"2013-09-16T11:47:43","modified_gmt":"2013-09-16T09:47:43","slug":"torillos-san-miguel","status":"publish","type":"post","link":"https:\/\/cpcorella.educacion.navarra.es\/blogs\/blog\/2013\/09\/16\/torillos-san-miguel\/","title":{"rendered":"TORILLOS SAN MIGUEL"},"content":{"rendered":"<p>Desde la APYMA nos comunican que ya pod\u00e9is apuntaros para sacar los torillos del encierro chiqui.<img loading=\"lazy\" class=\"alignright\" alt=\"\" src=\"http:\/\/i269.photobucket.com\/albums\/jj43\/comentarioshi5\/gifs-animados\/Animales\/Toros\/toro26.gif\" width=\"165\" height=\"130\" \/><\/p>\n<ul>\n<li><span style=\"font-family: Comic Sans MS; font-size: 14pt;\">NI\u00d1OS Y NI\u00d1AS DE LA QUINTA DEL 2001.<br \/>\n<\/span><\/li>\n<li><span style=\"font-family: Comic Sans MS; font-size: 14pt;\">APUNTARSE EN <a href=\"mailto:apymavillar@hotmail.com\">apymavillar@hotmail.com<\/a> o en el buz\u00f3n de la APYMA que est\u00e1 en el colegio.<br \/>\n<\/span><\/li>\n<li><span style=\"font-family: Comic Sans MS; font-size: 14pt;\">Se recoger\u00e1n las inscripciones los d\u00edas 17 y 18. Debe constar el nombre, apellidos y un n\u00famero de tel\u00e9fono.<br \/>\n<\/span><\/li>\n<li><span style=\"font-family: Comic Sans MS; font-size: 14pt;\">Listas de turnos por d\u00eda de fiestas y las normas estar\u00e1n en el cuartel de la polic\u00eda municipal y en el tabl\u00f3n informativo de la APYMA a partir del viernes 20.<br \/>\n<\/span><\/li>\n<li>\n<div><span style=\"font-family: Comic Sans MS; font-size: 14pt;\">FELICES FIESTAS.<br \/>\n<\/span><\/div>\n<p><img alt=\"\" src=\"http:\/\/cpcorella.educacion.navarra.es\/blogs\/wp-content\/uploads\/2013\/09\/091613_0944_TORILLOSSAN12.jpg\" align=\"left\" \/><\/li>\n<\/ul>\n","protected":false},"excerpt":{"rendered":"<p>Desde la APYMA nos comunican que ya pod\u00e9is apuntaros para sacar los torillos del encierro chiqui. NI\u00d1OS Y NI\u00d1AS DE LA QUINTA DEL 2001. APUNTARSE EN apymavillar@hotmail.com o en el buz\u00f3n de la APYMA que est\u00e1 en el colegio. Se recoger\u00e1n las inscripciones los d\u00edas 17 y 18. Debe constar el nombre, apellidos y un &hellip; <\/p>\n<p><a class=\"more-link btn\" href=\"https:\/\/cpcorella.educacion.navarra.es\/blogs\/blog\/2013\/09\/16\/torillos-san-miguel\/\">Continue reading<\/a><\/p>\n","protected":false},"author":6,"featured_media":0,"comment_status":"closed","ping_status":"closed","sticky":false,"template":"","format":"standard","meta":[],"categories":[1],"tags":[],"_links":{"self":[{"href":"https:\/\/cpcorella.educacion.navarra.es\/blogs\/wp-json\/wp\/v2\/posts\/1788"}],"collection":[{"href":"https:\/\/cpcorella.educacion.navarra.es\/blogs\/wp-json\/wp\/v2\/posts"}],"about":[{"href":"https:\/\/cpcorella.educacion.navarra.es\/blogs\/wp-json\/wp\/v2\/types\/post"}],"author":[{"embeddable":true,"href":"https:\/\/cpcorella.educacion.navarra.es\/blogs\/wp-json\/wp\/v2\/users\/6"}],"replies":[{"embeddable":true,"href":"https:\/\/cpcorella.educacion.navarra.es\/blogs\/wp-json\/wp\/v2\/comments?post=1788"}],"version-history":[{"count":4,"href":"https:\/\/cpcorella.educacion.navarra.es\/blogs\/wp-json\/wp\/v2\/posts\/1788\/revisions"}],"predecessor-version":[{"id":1794,"href":"https:\/\/cpcorella.educacion.navarra.es\/blogs\/wp-json\/wp\/v2\/posts\/1788\/revisions\/1794"}],"wp:attachment":[{"href":"https:\/\/cpcorella.educacion.navarra.es\/blogs\/wp-json\/wp\/v2\/media?parent=1788"}],"wp:term":[{"taxonomy":"category","embeddable":true,"href":"https:\/\/cpcorella.educacion.navarra.es\/blogs\/wp-json\/wp\/v2\/categories?post=1788"},{"taxonomy":"post_tag","embeddable":true,"href":"https:\/\/cpcorella.educacion.navarra.es\/blogs\/wp-json\/wp\/v2\/tags?post=1788"}],"curies":[{"name":"wp","href":"https:\/\/api.w.org\/{rel}","templated":true}]}}