{"id":1761,"date":"2013-08-26T12:32:38","date_gmt":"2013-08-26T10:32:38","guid":{"rendered":"http:\/\/cpcorella.educacion.navarra.es\/blogs\/?p=1761"},"modified":"2013-09-01T22:26:05","modified_gmt":"2013-09-01T20:26:05","slug":"comienzo-curso-2013-14","status":"publish","type":"post","link":"https:\/\/cpcorella.educacion.navarra.es\/blogs\/blog\/2013\/08\/26\/comienzo-curso-2013-14\/","title":{"rendered":"COMIENZO CURSO 2013-14"},"content":{"rendered":"<p><span style=\"font-size: large;\">LAS CLASES DAR\u00c1N COMIENZO EL PR\u00d3XIMO MI\u00c9RCOLES 4 DE SEPTIEMBRE A LAS 9:00.<\/span><\/p>\n<p><span style=\"font-size: large;\">La reuni\u00f3n para los padres y madres de los nuevos alumn@s de 3 a\u00f1os el pr\u00f3ximo martes a las 10:00 en el edificio de infantil.<\/span><\/p>\n","protected":false},"excerpt":{"rendered":"<p>LAS CLASES DAR\u00c1N COMIENZO EL PR\u00d3XIMO MI\u00c9RCOLES 4 DE SEPTIEMBRE A LAS 9:00. La reuni\u00f3n para los padres y madres de los nuevos alumn@s de 3 a\u00f1os el pr\u00f3ximo martes a las 10:00 en el edificio de infantil.<\/p>\n","protected":false},"author":1,"featured_media":0,"comment_status":"closed","ping_status":"closed","sticky":false,"template":"","format":"standard","meta":[],"categories":[1],"tags":[],"_links":{"self":[{"href":"https:\/\/cpcorella.educacion.navarra.es\/blogs\/wp-json\/wp\/v2\/posts\/1761"}],"collection":[{"href":"https:\/\/cpcorella.educacion.navarra.es\/blogs\/wp-json\/wp\/v2\/posts"}],"about":[{"href":"https:\/\/cpcorella.educacion.navarra.es\/blogs\/wp-json\/wp\/v2\/types\/post"}],"author":[{"embeddable":true,"href":"https:\/\/cpcorella.educacion.navarra.es\/blogs\/wp-json\/wp\/v2\/users\/1"}],"replies":[{"embeddable":true,"href":"https:\/\/cpcorella.educacion.navarra.es\/blogs\/wp-json\/wp\/v2\/comments?post=1761"}],"version-history":[{"count":3,"href":"https:\/\/cpcorella.educacion.navarra.es\/blogs\/wp-json\/wp\/v2\/posts\/1761\/revisions"}],"predecessor-version":[{"id":1765,"href":"https:\/\/cpcorella.educacion.navarra.es\/blogs\/wp-json\/wp\/v2\/posts\/1761\/revisions\/1765"}],"wp:attachment":[{"href":"https:\/\/cpcorella.educacion.navarra.es\/blogs\/wp-json\/wp\/v2\/media?parent=1761"}],"wp:term":[{"taxonomy":"category","embeddable":true,"href":"https:\/\/cpcorella.educacion.navarra.es\/blogs\/wp-json\/wp\/v2\/categories?post=1761"},{"taxonomy":"post_tag","embeddable":true,"href":"https:\/\/cpcorella.educacion.navarra.es\/blogs\/wp-json\/wp\/v2\/tags?post=1761"}],"curies":[{"name":"wp","href":"https:\/\/api.w.org\/{rel}","templated":true}]}}