{"id":1656,"date":"2013-05-31T09:49:20","date_gmt":"2013-05-31T07:49:20","guid":{"rendered":"http:\/\/cpcorella.educacion.navarra.es\/blogs\/?p=1656"},"modified":"2013-06-17T11:43:33","modified_gmt":"2013-06-17T09:43:33","slug":"jornada-continua","status":"publish","type":"post","link":"https:\/\/cpcorella.educacion.navarra.es\/blogs\/blog\/2013\/05\/31\/jornada-continua\/","title":{"rendered":"JORNADA CONTINUA"},"content":{"rendered":"<p>El Jueves 30 de mayo, el Consejo Escolar del CPEIP Jos\u00e9 Luis de Arrese de Corella, en convocatoria extraordinaria, aprob\u00f3 el cambio a Jornada Continua. El porcentaje m\u00ednimo exigido era del 66%, el Consejo lo aprob\u00f3 con un 86%. Se os convoca a todos los padres y madres a ejercer vuestro derecho al voto y a participar en la elecci\u00f3n del horario que quereis para vuestr@s hij@s.<\/p>\n<p>Aqu\u00ed pod\u00e9is leer el proyecto, un proyecto que ha sido elaborado a partir de vuestras opiniones y en colaboraci\u00f3n con todas las asociaciones que colaboran en la educaci\u00f3n de vuestr@s hij@s. Se trata de un proyecto abierto y en continua evoluci\u00f3n y cambio, siempre con el fin de mejorar y al servicio de los alumnos y alumnas del colegio.<br \/>\n<iframe loading=\"lazy\" src=\"http:\/\/www.slideshare.net\/slideshow\/embed_code\/22240081\" height=\"400\" width=\"476\" frameborder=\"0\" marginwidth=\"0\" marginheight=\"0\" scrolling=\"no\"><\/iframe><br \/>\nPincha en la imagen.<\/p>\n<p>&nbsp;<\/p>\n","protected":false},"excerpt":{"rendered":"<p>El Jueves 30 de mayo, el Consejo Escolar del CPEIP Jos\u00e9 Luis de Arrese de Corella, en convocatoria extraordinaria, aprob\u00f3 el cambio a Jornada Continua. El porcentaje m\u00ednimo exigido era del 66%, el Consejo lo aprob\u00f3 con un 86%. Se os convoca a todos los padres y madres a ejercer vuestro derecho al voto y &hellip; <\/p>\n<p><a class=\"more-link btn\" href=\"https:\/\/cpcorella.educacion.navarra.es\/blogs\/blog\/2013\/05\/31\/jornada-continua\/\">Continue reading<\/a><\/p>\n","protected":false},"author":6,"featured_media":0,"comment_status":"closed","ping_status":"closed","sticky":false,"template":"","format":"standard","meta":[],"categories":[1],"tags":[],"_links":{"self":[{"href":"https:\/\/cpcorella.educacion.navarra.es\/blogs\/wp-json\/wp\/v2\/posts\/1656"}],"collection":[{"href":"https:\/\/cpcorella.educacion.navarra.es\/blogs\/wp-json\/wp\/v2\/posts"}],"about":[{"href":"https:\/\/cpcorella.educacion.navarra.es\/blogs\/wp-json\/wp\/v2\/types\/post"}],"author":[{"embeddable":true,"href":"https:\/\/cpcorella.educacion.navarra.es\/blogs\/wp-json\/wp\/v2\/users\/6"}],"replies":[{"embeddable":true,"href":"https:\/\/cpcorella.educacion.navarra.es\/blogs\/wp-json\/wp\/v2\/comments?post=1656"}],"version-history":[{"count":17,"href":"https:\/\/cpcorella.educacion.navarra.es\/blogs\/wp-json\/wp\/v2\/posts\/1656\/revisions"}],"predecessor-version":[{"id":1664,"href":"https:\/\/cpcorella.educacion.navarra.es\/blogs\/wp-json\/wp\/v2\/posts\/1656\/revisions\/1664"}],"wp:attachment":[{"href":"https:\/\/cpcorella.educacion.navarra.es\/blogs\/wp-json\/wp\/v2\/media?parent=1656"}],"wp:term":[{"taxonomy":"category","embeddable":true,"href":"https:\/\/cpcorella.educacion.navarra.es\/blogs\/wp-json\/wp\/v2\/categories?post=1656"},{"taxonomy":"post_tag","embeddable":true,"href":"https:\/\/cpcorella.educacion.navarra.es\/blogs\/wp-json\/wp\/v2\/tags?post=1656"}],"curies":[{"name":"wp","href":"https:\/\/api.w.org\/{rel}","templated":true}]}}