{"id":1615,"date":"2013-05-13T14:55:43","date_gmt":"2013-05-13T12:55:43","guid":{"rendered":"http:\/\/cpcorella.educacion.navarra.es\/blogs\/?p=1615"},"modified":"2013-06-04T12:44:44","modified_gmt":"2013-06-04T10:44:44","slug":"fundacion-ribera-navarra","status":"publish","type":"post","link":"https:\/\/cpcorella.educacion.navarra.es\/blogs\/blog\/2013\/05\/13\/fundacion-ribera-navarra\/","title":{"rendered":"FUNDACI\u00d3N RIBERA NAVARRA."},"content":{"rendered":"<p><span style=\"font-family: Comic Sans MS; font-size: 12pt;\"><br \/>\n<img alt=\"\" src=\"http:\/\/cpcorella.educacion.navarra.es\/blogs\/wp-content\/uploads\/2013\/05\/051313_1255_1.jpg\" \/>HOY 4\u00ba HA EMPEZADO CON \u00abBUEN PIE\u00bb LA SEMANA.<br \/>\n<\/span><\/p>\n<p><span style=\"font-family: Comic Sans MS;\"><strong>Nunca mejor dicho, porque los alumnos\/as de 4\u00ba han participado en unas actividades deportivas, programadas por Jose, el profesor de EF, y para ello hemos contado con la<br \/>\n<\/strong><\/span><\/p>\n<p><span style=\"font-family: Comic Sans MS;\"><strong> presencia de los jugadores de f\u00fatbol sala de la Fundaci\u00f3n Ribera Navarra.<br \/>\n<\/strong><\/span><\/p>\n<p><span style=\"font-family: Comic Sans MS;\"><span style=\"font-size: 12pt;\"><em><br \/>\n<\/em><\/span><strong>Ribera Navarra F\u00fatbol Sala<\/strong><em>, <strong>conocido por razones de patrocinio como\u00a0<\/strong><\/em><strong>R\u00edos Renovables Ribera Navarra<\/strong><em>, <strong>es un equipo de\u00a0<\/strong><a title=\"F\u00fatbol sala\" href=\"http:\/\/es.wikipedia.org\/wiki\/F%C3%BAtbol_sala\">f\u00fatbol sala<\/a><br \/>\n<strong>situado en la ciudad de\u00a0<\/strong><a title=\"Tudela\" href=\"http:\/\/es.wikipedia.org\/wiki\/Tudela\">Tudela<\/a> (<a title=\"Navarra\" href=\"http:\/\/es.wikipedia.org\/wiki\/Navarra\">Navarra<\/a>).<br \/>\n<\/em><\/span><\/p>\n<p><span style=\"font-family: Comic Sans MS;\"><strong>Ha sido una gran velada, donde la deportividad y la alegr\u00eda han sido las grandes protagonistas, de todas las actividades propuestas por estos profesionales del deporte.<br \/>\n<\/strong><\/span><\/p>\n<p><span style=\"font-family: Comic Sans MS;\"><strong>Os dejamos las fotos de la actividad, donde podemos comprobar que nuestros chicos y chicas\u00a0<span style=\"font-size: 16pt;\">est\u00e1n por el deporte.<\/span><span style=\"font-size: 20pt;\"><br \/>\n<\/span><\/strong><\/span><br \/>\n<object width=\"600\" height=\"400\" classid=\"clsid:d27cdb6e-ae6d-11cf-96b8-444553540000\" codebase=\"http:\/\/download.macromedia.com\/pub\/shockwave\/cabs\/flash\/swflash.cab#version=6,0,40,0\"><param name=\"src\" value=\"https:\/\/picasaweb.google.com\/s\/c\/bin\/slideshow.swf\" \/><param name=\"flashvars\" value=\"host=picasaweb.google.com&amp;hl=es&amp;feat=flashalbum&amp;RGB=0x000000&amp;feed=https%3A%2F%2Fpicasaweb.google.com%2Fdata%2Ffeed%2Fapi%2Fuser%2F112250688384358093948%2Falbumid%2F5877449537686329889%3Falt%3Drss%26kind%3Dphoto%26hl%3Des\" \/><param name=\"pluginspage\" value=\"http:\/\/www.macromedia.com\/go\/getflashplayer\" \/><embed width=\"600\" height=\"400\" type=\"application\/x-shockwave-flash\" src=\"https:\/\/picasaweb.google.com\/s\/c\/bin\/slideshow.swf\" flashvars=\"host=picasaweb.google.com&amp;hl=es&amp;feat=flashalbum&amp;RGB=0x000000&amp;feed=https%3A%2F%2Fpicasaweb.google.com%2Fdata%2Ffeed%2Fapi%2Fuser%2F112250688384358093948%2Falbumid%2F5877449537686329889%3Falt%3Drss%26kind%3Dphoto%26hl%3Des\" pluginspage=\"http:\/\/www.macromedia.com\/go\/getflashplayer\" \/><\/object><\/p>\n<p><a href=\"http:\/\/www.youtube.com\/watch?v=EFjvgGug2z0&amp;feature=youtu.be\">http:\/\/www.youtube.com\/watch?v=EFjvgGug2z0&amp;feature=youtu.be<\/a><\/p>\n","protected":false},"excerpt":{"rendered":"<p>HOY 4\u00ba HA EMPEZADO CON \u00abBUEN PIE\u00bb LA SEMANA. Nunca mejor dicho, porque los alumnos\/as de 4\u00ba han participado en unas actividades deportivas, programadas por Jose, el profesor de EF, y para ello hemos contado con la presencia de los jugadores de f\u00fatbol sala de la Fundaci\u00f3n Ribera Navarra. Ribera Navarra F\u00fatbol Sala, conocido por &hellip; <\/p>\n<p><a class=\"more-link btn\" href=\"https:\/\/cpcorella.educacion.navarra.es\/blogs\/blog\/2013\/05\/13\/fundacion-ribera-navarra\/\">Continue reading<\/a><\/p>\n","protected":false},"author":6,"featured_media":0,"comment_status":"closed","ping_status":"closed","sticky":false,"template":"","format":"standard","meta":[],"categories":[1],"tags":[],"_links":{"self":[{"href":"https:\/\/cpcorella.educacion.navarra.es\/blogs\/wp-json\/wp\/v2\/posts\/1615"}],"collection":[{"href":"https:\/\/cpcorella.educacion.navarra.es\/blogs\/wp-json\/wp\/v2\/posts"}],"about":[{"href":"https:\/\/cpcorella.educacion.navarra.es\/blogs\/wp-json\/wp\/v2\/types\/post"}],"author":[{"embeddable":true,"href":"https:\/\/cpcorella.educacion.navarra.es\/blogs\/wp-json\/wp\/v2\/users\/6"}],"replies":[{"embeddable":true,"href":"https:\/\/cpcorella.educacion.navarra.es\/blogs\/wp-json\/wp\/v2\/comments?post=1615"}],"version-history":[{"count":5,"href":"https:\/\/cpcorella.educacion.navarra.es\/blogs\/wp-json\/wp\/v2\/posts\/1615\/revisions"}],"predecessor-version":[{"id":1616,"href":"https:\/\/cpcorella.educacion.navarra.es\/blogs\/wp-json\/wp\/v2\/posts\/1615\/revisions\/1616"}],"wp:attachment":[{"href":"https:\/\/cpcorella.educacion.navarra.es\/blogs\/wp-json\/wp\/v2\/media?parent=1615"}],"wp:term":[{"taxonomy":"category","embeddable":true,"href":"https:\/\/cpcorella.educacion.navarra.es\/blogs\/wp-json\/wp\/v2\/categories?post=1615"},{"taxonomy":"post_tag","embeddable":true,"href":"https:\/\/cpcorella.educacion.navarra.es\/blogs\/wp-json\/wp\/v2\/tags?post=1615"}],"curies":[{"name":"wp","href":"https:\/\/api.w.org\/{rel}","templated":true}]}}