{"id":1530,"date":"2013-03-27T13:15:46","date_gmt":"2013-03-27T12:15:46","guid":{"rendered":"http:\/\/cpcorella.educacion.navarra.es\/blogs\/?p=1530"},"modified":"2013-06-04T12:49:47","modified_gmt":"2013-06-04T10:49:47","slug":"yo-puedo-ser-la-estrella","status":"publish","type":"post","link":"https:\/\/cpcorella.educacion.navarra.es\/blogs\/blog\/2013\/03\/27\/yo-puedo-ser-la-estrella\/","title":{"rendered":"YO PUEDO SER LA ESTRELLA"},"content":{"rendered":"<p style=\"text-align: justify;\">\n<div class=\"embed-container\"><iframe loading=\"lazy\" src=\"https:\/\/player.vimeo.com\/video\/62777144\" width=\"555\" height=\"312\" frameborder=\"0\" title=\"YO PUEDO SER LA ESTRELLA\" webkitallowfullscreen mozallowfullscreen allowfullscreen><\/iframe><\/div>\n<p style=\"text-align: justify;\">A lo largo de este segundo trimestre, desde el aula TGD, perfectamente dirigidos y sobretodo motivados por su profesora LORENA, ayudada por M\u00cdRIAM Y LUC\u00cdA, han presentado la obra teatral \u00abYO PUEDO SER LA ESTRELLA\u00bb.<\/p>\n<p style=\"text-align: justify;\">La obra nos cuenta la historia de una simp\u00e1tica estrella que quiere ver el sol. Realmente lo que menos nos puede importar es la trama de la obra, lo que realmente nos ha impresionado a todos los que hemos tenido la suerte de verla es el trabajo y la superaci\u00f3n de \u00c1LVARO, GUILLERMO, JULIA, NOELIA Y RUB\u00c9N.<\/p>\n<p style=\"text-align: justify;\">Su esp\u00edritu de lucha en l<span style=\"color: #444444;\">os tiempos que nos est\u00e1n tocando vivir, sus sonrisas de saber que han hecho un gran trabajo, su alegr\u00eda de ser aut\u00e9nticas estrellas, nos motiva y nos llega a nosotros. Realmente son ellos quienes \u00a0 nos ense\u00f1an y los que nos animan a continuar cada d\u00eda.<\/span><\/p>\n<p>GRACIAS LORENA.<\/p>\n<p>&nbsp;<\/p>\n<p>&nbsp;<\/p>\n<p><a href=\"http:\/\/cpcorella.educacion.navarra.es\/blogs\/wp-content\/uploads\/2013\/03\/20130325_123554.jpg\"><img loading=\"lazy\" class=\"alignleft size-full wp-image-1531\" alt=\"20130325_123554\" src=\"http:\/\/cpcorella.educacion.navarra.es\/blogs\/wp-content\/uploads\/2013\/03\/20130325_123554.jpg\" width=\"640\" height=\"480\" srcset=\"https:\/\/cpcorella.educacion.navarra.es\/blogs\/wp-content\/uploads\/2013\/03\/20130325_123554.jpg 640w, https:\/\/cpcorella.educacion.navarra.es\/blogs\/wp-content\/uploads\/2013\/03\/20130325_123554-300x225.jpg 300w\" sizes=\"(max-width: 640px) 100vw, 640px\" \/><\/a><\/p>\n<p>&nbsp;<\/p>\n","protected":false},"excerpt":{"rendered":"<p>A lo largo de este segundo trimestre, desde el aula TGD, perfectamente dirigidos y sobretodo motivados por su profesora LORENA, ayudada por M\u00cdRIAM Y LUC\u00cdA, han presentado la obra teatral \u00abYO PUEDO SER LA ESTRELLA\u00bb. La obra nos cuenta la historia de una simp\u00e1tica estrella que quiere ver el sol. Realmente lo que menos nos &hellip; <\/p>\n<p><a class=\"more-link btn\" href=\"https:\/\/cpcorella.educacion.navarra.es\/blogs\/blog\/2013\/03\/27\/yo-puedo-ser-la-estrella\/\">Continue reading<\/a><\/p>\n","protected":false},"author":6,"featured_media":1531,"comment_status":"closed","ping_status":"closed","sticky":false,"template":"","format":"standard","meta":[],"categories":[1,24,6],"tags":[],"_links":{"self":[{"href":"https:\/\/cpcorella.educacion.navarra.es\/blogs\/wp-json\/wp\/v2\/posts\/1530"}],"collection":[{"href":"https:\/\/cpcorella.educacion.navarra.es\/blogs\/wp-json\/wp\/v2\/posts"}],"about":[{"href":"https:\/\/cpcorella.educacion.navarra.es\/blogs\/wp-json\/wp\/v2\/types\/post"}],"author":[{"embeddable":true,"href":"https:\/\/cpcorella.educacion.navarra.es\/blogs\/wp-json\/wp\/v2\/users\/6"}],"replies":[{"embeddable":true,"href":"https:\/\/cpcorella.educacion.navarra.es\/blogs\/wp-json\/wp\/v2\/comments?post=1530"}],"version-history":[{"count":11,"href":"https:\/\/cpcorella.educacion.navarra.es\/blogs\/wp-json\/wp\/v2\/posts\/1530\/revisions"}],"predecessor-version":[{"id":1534,"href":"https:\/\/cpcorella.educacion.navarra.es\/blogs\/wp-json\/wp\/v2\/posts\/1530\/revisions\/1534"}],"wp:featuredmedia":[{"embeddable":true,"href":"https:\/\/cpcorella.educacion.navarra.es\/blogs\/wp-json\/wp\/v2\/media\/1531"}],"wp:attachment":[{"href":"https:\/\/cpcorella.educacion.navarra.es\/blogs\/wp-json\/wp\/v2\/media?parent=1530"}],"wp:term":[{"taxonomy":"category","embeddable":true,"href":"https:\/\/cpcorella.educacion.navarra.es\/blogs\/wp-json\/wp\/v2\/categories?post=1530"},{"taxonomy":"post_tag","embeddable":true,"href":"https:\/\/cpcorella.educacion.navarra.es\/blogs\/wp-json\/wp\/v2\/tags?post=1530"}],"curies":[{"name":"wp","href":"https:\/\/api.w.org\/{rel}","templated":true}]}}