{"id":1493,"date":"2013-03-04T16:26:05","date_gmt":"2013-03-04T15:26:05","guid":{"rendered":"http:\/\/cpcorella.educacion.navarra.es\/blogs\/?p=1493"},"modified":"2013-03-04T16:26:40","modified_gmt":"2013-03-04T15:26:40","slug":"crecer-sano","status":"publish","type":"post","link":"https:\/\/cpcorella.educacion.navarra.es\/blogs\/blog\/2013\/03\/04\/crecer-sano\/","title":{"rendered":"CRECER SANO"},"content":{"rendered":"<p>Estimada familia.<\/p>\n<p style=\"text-align: justify;\">Como saben esta a\u00f1o se lleva a cabo en nuestro centro el Plan de distribuci\u00f3n de frutas y verduras entre el alumnado de Educaci\u00f3n Infantil.<\/p>\n<p style=\"text-align: justify;\">Este Plan apoyado por los Departamentos de Desarrollo Rural, Salud y Educaci\u00f3n, pretende contribuir a reducir los \u00edndices de obesidad infantil y promover estilos de vida m\u00e1s saludables desde las primeras edades, como forma de disfrutar m\u00e1s de la salud y prevenir enfermedades.<\/p>\n<p style=\"text-align: justify;\"><a href=\"http:\/\/cpcorella.educacion.navarra.es\/blogs\/wp-content\/uploads\/2013\/03\/DSC_0156.jpg\"><img loading=\"lazy\" class=\"alignnone size-medium wp-image-1494\" alt=\"DSC_0156\" src=\"http:\/\/cpcorella.educacion.navarra.es\/blogs\/wp-content\/uploads\/2013\/03\/DSC_0156-300x225.jpg\" width=\"300\" height=\"225\" \/><\/a><\/p>\n<p style=\"text-align: justify;\">En el marco de esta Plan durante la semana del\u00a0\u00a0\u00a0\u00a0 04 al 08 del mes de MARZO, se ha previsto una actividad que consiste en una exposici\u00f3n en el centro, que pretende sensibilizar sobre temas de salud m\u00e1s relevantes en la edad infantil, incluidos aspectos como la alimentaci\u00f3n, o la obesidad infantil.<\/p>\n<p style=\"text-align: justify;\">La exposici\u00f3n consta de 9 paneles y estar\u00e1 en el centro durante todos los d\u00edas en\u00a0 la zona de la \u00a0PECERA .<\/p>\n<p style=\"text-align: justify;\">Si es de su inter\u00e9s pueden visitar la exposici\u00f3n.<\/p>\n<p style=\"text-align: justify;\">\u00a0Reciban un cordial saludo<\/p>\n","protected":false},"excerpt":{"rendered":"<p>Estimada familia. Como saben esta a\u00f1o se lleva a cabo en nuestro centro el Plan de distribuci\u00f3n de frutas y verduras entre el alumnado de Educaci\u00f3n Infantil. Este Plan apoyado por los Departamentos de Desarrollo Rural, Salud y Educaci\u00f3n, pretende contribuir a reducir los \u00edndices de obesidad infantil y promover estilos de vida m\u00e1s saludables &hellip; <\/p>\n<p><a class=\"more-link btn\" href=\"https:\/\/cpcorella.educacion.navarra.es\/blogs\/blog\/2013\/03\/04\/crecer-sano\/\">Continue reading<\/a><\/p>\n","protected":false},"author":6,"featured_media":0,"comment_status":"closed","ping_status":"closed","sticky":false,"template":"","format":"standard","meta":[],"categories":[1,24],"tags":[],"_links":{"self":[{"href":"https:\/\/cpcorella.educacion.navarra.es\/blogs\/wp-json\/wp\/v2\/posts\/1493"}],"collection":[{"href":"https:\/\/cpcorella.educacion.navarra.es\/blogs\/wp-json\/wp\/v2\/posts"}],"about":[{"href":"https:\/\/cpcorella.educacion.navarra.es\/blogs\/wp-json\/wp\/v2\/types\/post"}],"author":[{"embeddable":true,"href":"https:\/\/cpcorella.educacion.navarra.es\/blogs\/wp-json\/wp\/v2\/users\/6"}],"replies":[{"embeddable":true,"href":"https:\/\/cpcorella.educacion.navarra.es\/blogs\/wp-json\/wp\/v2\/comments?post=1493"}],"version-history":[{"count":3,"href":"https:\/\/cpcorella.educacion.navarra.es\/blogs\/wp-json\/wp\/v2\/posts\/1493\/revisions"}],"predecessor-version":[{"id":1497,"href":"https:\/\/cpcorella.educacion.navarra.es\/blogs\/wp-json\/wp\/v2\/posts\/1493\/revisions\/1497"}],"wp:attachment":[{"href":"https:\/\/cpcorella.educacion.navarra.es\/blogs\/wp-json\/wp\/v2\/media?parent=1493"}],"wp:term":[{"taxonomy":"category","embeddable":true,"href":"https:\/\/cpcorella.educacion.navarra.es\/blogs\/wp-json\/wp\/v2\/categories?post=1493"},{"taxonomy":"post_tag","embeddable":true,"href":"https:\/\/cpcorella.educacion.navarra.es\/blogs\/wp-json\/wp\/v2\/tags?post=1493"}],"curies":[{"name":"wp","href":"https:\/\/api.w.org\/{rel}","templated":true}]}}