{"id":1458,"date":"2013-02-08T12:55:28","date_gmt":"2013-02-08T11:55:28","guid":{"rendered":"http:\/\/cpcorella.educacion.navarra.es\/blogs\/?p=1458"},"modified":"2013-02-08T12:59:45","modified_gmt":"2013-02-08T11:59:45","slug":"carnavales-en-infantil","status":"publish","type":"post","link":"https:\/\/cpcorella.educacion.navarra.es\/blogs\/blog\/2013\/02\/08\/carnavales-en-infantil\/","title":{"rendered":"CARNAVALES EN INFANTIL"},"content":{"rendered":"<p>El Jueves 7, celebramos la fiesta del Carnaval. Los ni\u00f1os y ni\u00f1as montaron un tuttifruti de color y diversi\u00f3n<\/p>\n<p>La dedicaci\u00f3n y la ilusi\u00f3n de las maestras se puso por delante del mal tiempo. Felicidades a todas por vuestro trabajo. La actividad fue muy positiva. Es increible el trabajo de estas aut\u00e9nticas maestras de infantil.<\/p>\n<p>Os dejamos una muestra de las much\u00edsimas fotos que se hicieron:<br \/>\n<object width=\"600\" height=\"400\" classid=\"clsid:d27cdb6e-ae6d-11cf-96b8-444553540000\" codebase=\"http:\/\/download.macromedia.com\/pub\/shockwave\/cabs\/flash\/swflash.cab#version=6,0,40,0\"><param name=\"src\" value=\"https:\/\/picasaweb.google.com\/s\/c\/bin\/slideshow.swf\" \/><param name=\"flashvars\" value=\"host=picasaweb.google.com&amp;hl=es&amp;feat=flashalbum&amp;RGB=0x000000&amp;feed=https%3A%2F%2Fpicasaweb.google.com%2Fdata%2Ffeed%2Fapi%2Fuser%2F112250688384358093948%2Falbumid%2F5842528232064438977%3Falt%3Drss%26kind%3Dphoto%26hl%3Des\" \/><param name=\"pluginspage\" value=\"http:\/\/www.macromedia.com\/go\/getflashplayer\" \/><embed width=\"600\" height=\"400\" type=\"application\/x-shockwave-flash\" src=\"https:\/\/picasaweb.google.com\/s\/c\/bin\/slideshow.swf\" flashvars=\"host=picasaweb.google.com&amp;hl=es&amp;feat=flashalbum&amp;RGB=0x000000&amp;feed=https%3A%2F%2Fpicasaweb.google.com%2Fdata%2Ffeed%2Fapi%2Fuser%2F112250688384358093948%2Falbumid%2F5842528232064438977%3Falt%3Drss%26kind%3Dphoto%26hl%3Des\" pluginspage=\"http:\/\/www.macromedia.com\/go\/getflashplayer\" \/><\/object><\/p>\n<p>Y los v\u00eddeos del desfile y la fiesta:<\/p>\n<div class=\"embed-container\"><iframe title=\"CARNAVAL 2013\" width=\"555\" height=\"312\" src=\"https:\/\/www.youtube.com\/embed\/NbDnxVfwEuk?list=UUJLbnSTOXwilDbpALKoGLLw\" frameborder=\"0\" allow=\"accelerometer; autoplay; clipboard-write; encrypted-media; gyroscope; picture-in-picture\" allowfullscreen><\/iframe><\/div>\n<div class=\"embed-container\"><iframe title=\"CARNAVAL 2013 vol2\" width=\"555\" height=\"312\" src=\"https:\/\/www.youtube.com\/embed\/enzpxe05G3s?list=UUJLbnSTOXwilDbpALKoGLLw\" frameborder=\"0\" allow=\"accelerometer; autoplay; clipboard-write; encrypted-media; gyroscope; picture-in-picture\" allowfullscreen><\/iframe><\/div>\n","protected":false},"excerpt":{"rendered":"<p>El Jueves 7, celebramos la fiesta del Carnaval. Los ni\u00f1os y ni\u00f1as montaron un tuttifruti de color y diversi\u00f3n La dedicaci\u00f3n y la ilusi\u00f3n de las maestras se puso por delante del mal tiempo. Felicidades a todas por vuestro trabajo. La actividad fue muy positiva. Es increible el trabajo de estas aut\u00e9nticas maestras de infantil. &hellip; <\/p>\n<p><a class=\"more-link btn\" href=\"https:\/\/cpcorella.educacion.navarra.es\/blogs\/blog\/2013\/02\/08\/carnavales-en-infantil\/\">Continue reading<\/a><\/p>\n","protected":false},"author":6,"featured_media":0,"comment_status":"closed","ping_status":"closed","sticky":false,"template":"","format":"standard","meta":[],"categories":[1,5,24],"tags":[],"_links":{"self":[{"href":"https:\/\/cpcorella.educacion.navarra.es\/blogs\/wp-json\/wp\/v2\/posts\/1458"}],"collection":[{"href":"https:\/\/cpcorella.educacion.navarra.es\/blogs\/wp-json\/wp\/v2\/posts"}],"about":[{"href":"https:\/\/cpcorella.educacion.navarra.es\/blogs\/wp-json\/wp\/v2\/types\/post"}],"author":[{"embeddable":true,"href":"https:\/\/cpcorella.educacion.navarra.es\/blogs\/wp-json\/wp\/v2\/users\/6"}],"replies":[{"embeddable":true,"href":"https:\/\/cpcorella.educacion.navarra.es\/blogs\/wp-json\/wp\/v2\/comments?post=1458"}],"version-history":[{"count":5,"href":"https:\/\/cpcorella.educacion.navarra.es\/blogs\/wp-json\/wp\/v2\/posts\/1458\/revisions"}],"predecessor-version":[{"id":1463,"href":"https:\/\/cpcorella.educacion.navarra.es\/blogs\/wp-json\/wp\/v2\/posts\/1458\/revisions\/1463"}],"wp:attachment":[{"href":"https:\/\/cpcorella.educacion.navarra.es\/blogs\/wp-json\/wp\/v2\/media?parent=1458"}],"wp:term":[{"taxonomy":"category","embeddable":true,"href":"https:\/\/cpcorella.educacion.navarra.es\/blogs\/wp-json\/wp\/v2\/categories?post=1458"},{"taxonomy":"post_tag","embeddable":true,"href":"https:\/\/cpcorella.educacion.navarra.es\/blogs\/wp-json\/wp\/v2\/tags?post=1458"}],"curies":[{"name":"wp","href":"https:\/\/api.w.org\/{rel}","templated":true}]}}