{"id":3994,"date":"2023-06-05T08:48:24","date_gmt":"2023-06-05T08:48:24","guid":{"rendered":"https:\/\/cpcorella.educacion.navarra.es\/blogs\/tercero\/?p=3994"},"modified":"2023-06-05T08:48:24","modified_gmt":"2023-06-05T08:48:24","slug":"lunes-5-de-junio","status":"publish","type":"post","link":"https:\/\/cpcorella.educacion.navarra.es\/blogs\/tercero\/2023\/06\/05\/lunes-5-de-junio\/","title":{"rendered":"Lunes 5 de junio"},"content":{"rendered":"\n<p><strong>Sesi\u00f3n 1<\/strong><\/p>\n\n\n\n<p>Sociales EDUBOOK. QU\u00c9 ES LA PREHISTORIA. Esquema en el cuaderno.<\/p>\n\n\n\n<p><strong>Tarea: <\/strong>ejercicio 1 y 2 en el cuaderno. p\u00e1gina 107<\/p>\n\n\n\n<p><strong>Sesi\u00f3n 2<\/strong><\/p>\n\n\n\n<p>Lengua. An\u00e1lisis morfol\u00f3gico. P\u00e1ginas 188 y 189 EDUBOOK<\/p>\n\n\n\n<p><strong>Tarea:<\/strong> ejercicio 9 p\u00e1gina 189.<\/p>\n\n\n\n<p><strong>Sesi\u00f3n 3<\/strong><\/p>\n\n\n\n<p>Preparamos la actividad de la rayuela para ma\u00f1ana ponerla en pr\u00e1ctica.<\/p>\n\n\n\n<p>Lecturas competenciales.<\/p>\n","protected":false},"excerpt":{"rendered":"<p>Sesi\u00f3n 1 Sociales EDUBOOK. QU\u00c9 ES LA PREHISTORIA. Esquema en el cuaderno. Tarea: ejercicio 1 y 2 en el cuaderno. p\u00e1gina 107 Sesi\u00f3n 2 Lengua. An\u00e1lisis morfol\u00f3gico. P\u00e1ginas 188 y 189 EDUBOOK Tarea: ejercicio 9 p\u00e1gina 189. Sesi\u00f3n 3 Preparamos &hellip; <a href=\"https:\/\/cpcorella.educacion.navarra.es\/blogs\/tercero\/2023\/06\/05\/lunes-5-de-junio\/\">Sigue leyendo <span class=\"meta-nav\">&rarr;<\/span><\/a><\/p>\n","protected":false},"author":74,"featured_media":0,"comment_status":"closed","ping_status":"closed","sticky":false,"template":"","format":"standard","meta":[],"categories":[27],"tags":[],"_links":{"self":[{"href":"https:\/\/cpcorella.educacion.navarra.es\/blogs\/tercero\/wp-json\/wp\/v2\/posts\/3994"}],"collection":[{"href":"https:\/\/cpcorella.educacion.navarra.es\/blogs\/tercero\/wp-json\/wp\/v2\/posts"}],"about":[{"href":"https:\/\/cpcorella.educacion.navarra.es\/blogs\/tercero\/wp-json\/wp\/v2\/types\/post"}],"author":[{"embeddable":true,"href":"https:\/\/cpcorella.educacion.navarra.es\/blogs\/tercero\/wp-json\/wp\/v2\/users\/74"}],"replies":[{"embeddable":true,"href":"https:\/\/cpcorella.educacion.navarra.es\/blogs\/tercero\/wp-json\/wp\/v2\/comments?post=3994"}],"version-history":[{"count":1,"href":"https:\/\/cpcorella.educacion.navarra.es\/blogs\/tercero\/wp-json\/wp\/v2\/posts\/3994\/revisions"}],"predecessor-version":[{"id":3995,"href":"https:\/\/cpcorella.educacion.navarra.es\/blogs\/tercero\/wp-json\/wp\/v2\/posts\/3994\/revisions\/3995"}],"wp:attachment":[{"href":"https:\/\/cpcorella.educacion.navarra.es\/blogs\/tercero\/wp-json\/wp\/v2\/media?parent=3994"}],"wp:term":[{"taxonomy":"category","embeddable":true,"href":"https:\/\/cpcorella.educacion.navarra.es\/blogs\/tercero\/wp-json\/wp\/v2\/categories?post=3994"},{"taxonomy":"post_tag","embeddable":true,"href":"https:\/\/cpcorella.educacion.navarra.es\/blogs\/tercero\/wp-json\/wp\/v2\/tags?post=3994"}],"curies":[{"name":"wp","href":"https:\/\/api.w.org\/{rel}","templated":true}]}}