{"id":3962,"date":"2023-05-15T07:31:53","date_gmt":"2023-05-15T07:31:53","guid":{"rendered":"https:\/\/cpcorella.educacion.navarra.es\/blogs\/tercero\/?p=3962"},"modified":"2023-05-15T09:52:59","modified_gmt":"2023-05-15T09:52:59","slug":"lunes-15-de-mayo","status":"publish","type":"post","link":"https:\/\/cpcorella.educacion.navarra.es\/blogs\/tercero\/2023\/05\/15\/lunes-15-de-mayo\/","title":{"rendered":"Lunes 15 de mayo"},"content":{"rendered":"\n<p><strong>Sesi\u00f3n 1<\/strong> <\/p>\n\n\n\n<p>Examen sociales Tema 5<\/p>\n\n\n\n<p><a href=\"https:\/\/es.liveworksheets.com\/ch3262285no\">Punto y la coma<\/a><\/p>\n\n\n\n<p><strong>Sesi\u00f3n 2<\/strong><\/p>\n\n\n\n<p>Divisiones en el cuaderno y la prueba : <strong>34598 : 56   y 45285 : 26<\/strong><\/p>\n\n\n\n<p><a href=\"https:\/\/es.liveworksheets.com\/worksheets\/es\/Matem%C3%A1ticas\/N%C3%BAmeros_decimales\/Problemas_con_n%C3%BAmeros_decimales_fn1523465zv\">Problemas 1<\/a><\/p>\n\n\n\n<p><a href=\"https:\/\/es.liveworksheets.com\/worksheets\/es\/Matem%C3%A1ticas\/Divisiones\/Problemas_de_dividir_por_una_cifra_ri386650rg\">Problemas divisiones <\/a><\/p>\n\n\n\n<p><a href=\"https:\/\/es.liveworksheets.com\/worksheets\/es\/Matem%C3%A1ticas\/Multiplicaciones_y_divisiones\/Crucigrama_Aritm%C3%A9tico_em1848707ss\">Crucigrama matem\u00e1tico<\/a><\/p>\n\n\n\n<p><strong>Tarea: <\/strong>estudiar para el examen de ma\u00f1ana de divisiones y operaciones combinadas (par\u00e9ntesis, multiplicaciones, sumas y restas).<\/p>\n\n\n\n<p><strong>Sesi\u00f3n 3<\/strong><\/p>\n\n\n\n<p>Lengua letra c y z<\/p>\n\n\n\n<p><a href=\"https:\/\/es.liveworksheets.com\/rh2398328dc\">Trabajamos el punto<\/a><\/p>\n\n\n\n<p><a href=\"https:\/\/es.liveworksheets.com\/ch3262285no\">Punto y la coma<\/a><\/p>\n","protected":false},"excerpt":{"rendered":"<p>Sesi\u00f3n 1 Examen sociales Tema 5 Punto y la coma Sesi\u00f3n 2 Divisiones en el cuaderno y la prueba : 34598 : 56 y 45285 : 26 Problemas 1 Problemas divisiones Crucigrama matem\u00e1tico Tarea: estudiar para el examen de ma\u00f1ana &hellip; <a href=\"https:\/\/cpcorella.educacion.navarra.es\/blogs\/tercero\/2023\/05\/15\/lunes-15-de-mayo\/\">Sigue leyendo <span class=\"meta-nav\">&rarr;<\/span><\/a><\/p>\n","protected":false},"author":74,"featured_media":0,"comment_status":"closed","ping_status":"closed","sticky":false,"template":"","format":"standard","meta":[],"categories":[27],"tags":[],"_links":{"self":[{"href":"https:\/\/cpcorella.educacion.navarra.es\/blogs\/tercero\/wp-json\/wp\/v2\/posts\/3962"}],"collection":[{"href":"https:\/\/cpcorella.educacion.navarra.es\/blogs\/tercero\/wp-json\/wp\/v2\/posts"}],"about":[{"href":"https:\/\/cpcorella.educacion.navarra.es\/blogs\/tercero\/wp-json\/wp\/v2\/types\/post"}],"author":[{"embeddable":true,"href":"https:\/\/cpcorella.educacion.navarra.es\/blogs\/tercero\/wp-json\/wp\/v2\/users\/74"}],"replies":[{"embeddable":true,"href":"https:\/\/cpcorella.educacion.navarra.es\/blogs\/tercero\/wp-json\/wp\/v2\/comments?post=3962"}],"version-history":[{"count":2,"href":"https:\/\/cpcorella.educacion.navarra.es\/blogs\/tercero\/wp-json\/wp\/v2\/posts\/3962\/revisions"}],"predecessor-version":[{"id":3965,"href":"https:\/\/cpcorella.educacion.navarra.es\/blogs\/tercero\/wp-json\/wp\/v2\/posts\/3962\/revisions\/3965"}],"wp:attachment":[{"href":"https:\/\/cpcorella.educacion.navarra.es\/blogs\/tercero\/wp-json\/wp\/v2\/media?parent=3962"}],"wp:term":[{"taxonomy":"category","embeddable":true,"href":"https:\/\/cpcorella.educacion.navarra.es\/blogs\/tercero\/wp-json\/wp\/v2\/categories?post=3962"},{"taxonomy":"post_tag","embeddable":true,"href":"https:\/\/cpcorella.educacion.navarra.es\/blogs\/tercero\/wp-json\/wp\/v2\/tags?post=3962"}],"curies":[{"name":"wp","href":"https:\/\/api.w.org\/{rel}","templated":true}]}}