{"id":3953,"date":"2023-05-11T08:42:54","date_gmt":"2023-05-11T08:42:54","guid":{"rendered":"https:\/\/cpcorella.educacion.navarra.es\/blogs\/tercero\/?p=3953"},"modified":"2023-05-11T10:04:11","modified_gmt":"2023-05-11T10:04:11","slug":"jueves-11-de-mayo","status":"publish","type":"post","link":"https:\/\/cpcorella.educacion.navarra.es\/blogs\/tercero\/2023\/05\/11\/jueves-11-de-mayo\/","title":{"rendered":"Jueves 11 de mayo"},"content":{"rendered":"\n<p><strong>Sesi\u00f3n 1<\/strong><\/p>\n\n\n\n<p><a href=\"https:\/\/edubook.vicensvives.com\/b\/section\/65ad6302-6b5a-4550-9f60-a006cbd84d29\/mauthor\/5530220198232064?page=2&amp;showNavigation=true\">EDUBOOK<\/a> lengua El sujeto p\u00e1gina 172<\/p>\n\n\n\n<p><strong>Sesi\u00f3n 2<\/strong><\/p>\n\n\n\n<p><a href=\"https:\/\/edubook.vicensvives.com\/b\/section\/65ad6302-6b5a-4550-9f60-a006cbd84d29\/mauthor\/5530220198232064?page=5&amp;showNavigation=true\">EDUBOOK<\/a> lengua El predicado p\u00e1gina 173<\/p>\n\n\n\n<p><a href=\"https:\/\/es.liveworksheets.com\/lx2283309ml\">Ficha interactiva 1<\/a><\/p>\n\n\n\n<p><a href=\"https:\/\/es.liveworksheets.com\/worksheets\/es\/Lengua_Castellana\/Gram%C3%A1tica\/N%C3%BAcleo_del_sujeto_y_predicado_zy1700953va\">Ficha interactiva 2<\/a><\/p>\n\n\n\n<p><strong>Sociales tarea para ma\u00f1ana:<\/strong> p\u00e1gina 87 ejercicio 10 copiando enunciado.<\/p>\n\n\n\n<p><strong>Sesi\u00f3n 3<\/strong><\/p>\n\n\n\n<p>C\u00e1lculo mental y operaciones combinadas.<\/p>\n\n\n\n<p>Repaso de las divisiones. Examen la pr\u00f3xima semana de divisiones (Martes).<\/p>\n","protected":false},"excerpt":{"rendered":"<p>Sesi\u00f3n 1 EDUBOOK lengua El sujeto p\u00e1gina 172 Sesi\u00f3n 2 EDUBOOK lengua El predicado p\u00e1gina 173 Ficha interactiva 1 Ficha interactiva 2 Sociales tarea para ma\u00f1ana: p\u00e1gina 87 ejercicio 10 copiando enunciado. Sesi\u00f3n 3 C\u00e1lculo mental y operaciones combinadas. Repaso &hellip; <a href=\"https:\/\/cpcorella.educacion.navarra.es\/blogs\/tercero\/2023\/05\/11\/jueves-11-de-mayo\/\">Sigue leyendo <span class=\"meta-nav\">&rarr;<\/span><\/a><\/p>\n","protected":false},"author":74,"featured_media":0,"comment_status":"closed","ping_status":"closed","sticky":false,"template":"","format":"standard","meta":[],"categories":[27],"tags":[],"_links":{"self":[{"href":"https:\/\/cpcorella.educacion.navarra.es\/blogs\/tercero\/wp-json\/wp\/v2\/posts\/3953"}],"collection":[{"href":"https:\/\/cpcorella.educacion.navarra.es\/blogs\/tercero\/wp-json\/wp\/v2\/posts"}],"about":[{"href":"https:\/\/cpcorella.educacion.navarra.es\/blogs\/tercero\/wp-json\/wp\/v2\/types\/post"}],"author":[{"embeddable":true,"href":"https:\/\/cpcorella.educacion.navarra.es\/blogs\/tercero\/wp-json\/wp\/v2\/users\/74"}],"replies":[{"embeddable":true,"href":"https:\/\/cpcorella.educacion.navarra.es\/blogs\/tercero\/wp-json\/wp\/v2\/comments?post=3953"}],"version-history":[{"count":3,"href":"https:\/\/cpcorella.educacion.navarra.es\/blogs\/tercero\/wp-json\/wp\/v2\/posts\/3953\/revisions"}],"predecessor-version":[{"id":3957,"href":"https:\/\/cpcorella.educacion.navarra.es\/blogs\/tercero\/wp-json\/wp\/v2\/posts\/3953\/revisions\/3957"}],"wp:attachment":[{"href":"https:\/\/cpcorella.educacion.navarra.es\/blogs\/tercero\/wp-json\/wp\/v2\/media?parent=3953"}],"wp:term":[{"taxonomy":"category","embeddable":true,"href":"https:\/\/cpcorella.educacion.navarra.es\/blogs\/tercero\/wp-json\/wp\/v2\/categories?post=3953"},{"taxonomy":"post_tag","embeddable":true,"href":"https:\/\/cpcorella.educacion.navarra.es\/blogs\/tercero\/wp-json\/wp\/v2\/tags?post=3953"}],"curies":[{"name":"wp","href":"https:\/\/api.w.org\/{rel}","templated":true}]}}